{"id":1001,"date":"2021-02-08T09:31:00","date_gmt":"2021-02-08T09:31:00","guid":{"rendered":"https:\/\/www.act-grupa.hr\/web\/?p=1001"},"modified":"2025-01-08T14:17:19","modified_gmt":"2025-01-08T14:17:19","slug":"peta-godina-programa-pokreni-nesto-svoje","status":"publish","type":"post","link":"https:\/\/act-grupa.hr\/en\/peta-godina-programa-pokreni-nesto-svoje\/","title":{"rendered":"Peta godina programa \u201cPokreni ne\u0161to svoje\u201d"},"content":{"rendered":"<p><strong>Otvoren je peti natje\u010daj razvojnog programa potpore poduzetnicima po\u010detnicima i mikro poduze\u0107ima \u2013 \u201ePokreni ne\u0161to svoje\u201c<\/strong><\/p>\n\n\n\n<p><strong>ACT Grupa<\/strong>, potporna organizacija za razvoj dru\u0161tvenog\/impact poduzetni\u0161tva, otvorila je prijave za petu generaciju dobitnika potpore jednog od svojih razvojnih programa koji provodi u partnerstvu s tvrtkom Philip Morris Zagreb d.o.o..<\/p>\n\n\n\n<p>Program&nbsp;<strong>\u201e<\/strong><strong><a href=\"http:\/\/www.pokreninestosvoje.hr\/\">Pokreni ne\u0161to svoje<\/a><\/strong><strong>\u201c<\/strong>&nbsp;od 2016. godine sustavno daje vjetar u le\u0111a&nbsp;<strong>mikropoduzetnicima i poduzetnicima po\u010detnicima<\/strong>&nbsp;odgovaraju\u0107i na njihove potrebe za adekvatnom<strong>&nbsp;financijskom i mentorskom podr\u0161kom u svrhu zapo\u010dinjanja ili razvoja poslovanja<\/strong>.<\/p>\n\n\n\n<p>Ovaj jedinstveni i prepoznati&nbsp;<strong>program poti\u010de projekte s pozitivnim dru\u0161tvenim ili okoli\u0161nim utjecajem<\/strong>, a u posljednjih je nekoliko godina iznjedrio&nbsp;<a href=\"https:\/\/pokreninestosvoje.hr\/rezultati\/\" target=\"_blank\" rel=\"noreferrer noopener\">brojne uspje\u0161ne projekte<\/a>, njih \u010dak 26. Me\u0111u njima su i dru\u0161tvena igra&nbsp;<a href=\"http:\/\/www.fierce-women.net\/\" target=\"_blank\" rel=\"noreferrer noopener\">Stra\u0161ne \u017eene<\/a>, uradi sam mobitel&nbsp;<a href=\"https:\/\/circuitmess.com\/\">Makerphone<\/a>, aplikacija za mapiranje besplatnih izvora vode&nbsp;<a href=\"https:\/\/freewa.org\/\" target=\"_blank\" rel=\"noreferrer noopener\">Freewa<\/a>, alat za pomo\u0107 kod pote\u0161ko\u0107a s \u010ditanjem&nbsp;<a href=\"https:\/\/www.omoguru.com\/\" target=\"_blank\" rel=\"noreferrer noopener\">OmoReader<\/a>, prirodna kozmetika&nbsp;<a href=\"https:\/\/primitivance.com\/\" target=\"_blank\" rel=\"noreferrer noopener\">L\u2019aventure en Primitivance<\/a>, prvi hrvatski&nbsp;<a href=\"https:\/\/www.parkznanosti.com\/\" target=\"_blank\" rel=\"noreferrer noopener\">Park znanosti<\/a>, platforma&nbsp;<a href=\"https:\/\/www.zez.coop\/\" target=\"_blank\" rel=\"noreferrer noopener\">Zelene energetske zadruge<\/a>&nbsp;za investiranje u obnovljive izvore energije, ekolo\u0161ka sredstva za \u010di\u0161\u0107enje&nbsp;<a href=\"http:\/\/www.pero.bio\/\" target=\"_blank\" rel=\"noreferrer noopener\">Pero.bio<\/a>&nbsp;i brojni drugi. U potporu projektima partner programa&nbsp;<strong>Philip Morris Zagreb d.o.o.&nbsp;<\/strong>ulo\u017eio je&nbsp;<strong>vi\u0161e od 2,5 milijuna kuna, na kojima je ostvaren dru\u0161tveni povrat vi\u0161e od 5 milijuna kuna&nbsp;<\/strong>\u2013 za svaku ulo\u017eenu kunu ovi su vrijedni i inovativni poduzetnici stvorili 2 kune nove dru\u0161tvene vrijednosti.<\/p>\n\n\n\n<p>Program kojim od 2016. godine&nbsp;<a rel=\"noreferrer noopener\" href=\"https:\/\/act-grupa.hr\/en\/\" target=\"_blank\">ACT Grup<\/a>a daje sna\u017enu i toliko potrebnu podr\u0161ku i vidljivost malim poduzetnicima koji mijenjaju svijet na bolje, nastavlja se i u 2021.<\/p>\n\n\n\n<figure class=\"wp-block-image size-large is-resized\"><img fetchpriority=\"high\" decoding=\"async\" src=\"https:\/\/www.act-grupa.hr\/web\/wp-content\/uploads\/2021\/05\/pokreni.jpg\" alt=\"\" class=\"wp-image-1002\" width=\"400\" height=\"561\" srcset=\"https:\/\/act-grupa.hr\/web\/wp-content\/uploads\/2021\/05\/pokreni.jpg 731w, https:\/\/act-grupa.hr\/web\/wp-content\/uploads\/2021\/05\/pokreni-214x300.jpg 214w\" sizes=\"(max-width: 400px) 100vw, 400px\" \/><\/figure>\n\n\n\n<p>\u201eU protekle \u010detiri godine vidjeli smo da postoji jedna druga\u010dija Hrvatska, inovativna, poduzetna, ma\u0161tovita, hrabra, dru\u0161tveno anga\u017eirana i ekolo\u0161ki osvije\u0161tena, da postoje ljudi koji primje\u0107uju probleme u svojoj okolini, imaju inovativne ideje kako ih rije\u0161iti, i istovremeno dovoljno hrabrosti i upornosti da se upuste u poduzetni\u010dke vode i ta rje\u0161enja plasiraju na tr\u017ei\u0161tu. To nas jako veseli i vjerujemo kako kvalitetnih ideja i prijava na natje\u010daj programa&nbsp;<em>\u201ePokreni ne\u0161to svoje\u201c<\/em>&nbsp;ne\u0107e nedostajati ni ove godine. A mi smo ovdje da im pru\u017eimo financijsku i mentorsku podr\u0161ku i pomognemo im da br\u017ee ostvare zacrtane ciljeve u razvoju poslovanja, \u0161to je posebno va\u017eno u doba koronakrize. Nama u ACT Grupi je cilj pomo\u0107i dugoro\u010dnom opstanku i rastu poduzetnika i poduzetnica s kojima imamo \u010dast sura\u0111ivati i trudimo se biti tu za i uz njih dugo i kontinuirano. Stoga \u0107emo i petoj generaciji osigurati kvalitetnu i sveobuhvatnu savjetodavnu potporu, \u010demu \u0107e zna\u010dajan doprinos dati i stru\u010dnjaci i stru\u010dnjakinje iz partnerske tvrtke&nbsp;<strong>Philip Morris Zagreb d.o.o.<\/strong>, koja program prati od samog po\u010detka.\u201c, izjavio je&nbsp;<strong>Igor Roginek<\/strong>, voditelj komunikacija ACT Grupe.<\/p>\n\n\n\n<p>Dosada\u0161nji dobitnici potpore isti\u010du jasnu komunikaciju i fleksibilnost programa te stru\u010dnu tehni\u010dku, financijsku i mentorsku podr\u0161ku&nbsp;<strong>ACT Grupe i Philip Morrisa<\/strong>&nbsp;kao \u010dimbenike koji su im najzna\u010dajnije olak\u0161ali provedbu inovativnih poslovnih projekata.<\/p>\n\n\n\n<p>\u201c<em>Pokreni ne\u0161to svoje<\/em>&nbsp;je najbolji program u kojem smo sudjelovali i tu smo, uz sasvim solidna financijska sredstva, dobili najbolje mentorstvo. Kad tek po\u010dinjete s nekim projektom i imate osje\u0107aj da tapkate na mjestu, presudna je motivacija i podr\u0161ka iskusnih ljudi. Svakako bismo preporu\u010dili mladim ljudima koji imaju kvalitetne projekte da se prijave na natje\u010daj jer time zna\u010dajno pove\u0107avaju \u0161anse da njihov projekt uspije.\u201d, komentirali su&nbsp;<strong>Fran Po\u0161tenjak<\/strong>&nbsp;i&nbsp;<strong>Dra\u017een Mrvo\u0161<\/strong>&nbsp;iz tvrtke&nbsp;<strong><a rel=\"noreferrer noopener\" href=\"http:\/\/www.arbosmart.com\/\" target=\"_blank\">Arbosmart Technologies d.o.o<\/a>.<\/strong>, alumni programa iz 2020. godine.<\/p>\n\n\n\n<figure class=\"wp-block-image size-large is-resized\"><img decoding=\"async\" src=\"https:\/\/www.act-grupa.hr\/web\/wp-content\/uploads\/2021\/05\/pokteni2.jpg\" alt=\"\" class=\"wp-image-1003\" width=\"622\" height=\"349\" srcset=\"https:\/\/act-grupa.hr\/web\/wp-content\/uploads\/2021\/05\/pokteni2.jpg 1024w, https:\/\/act-grupa.hr\/web\/wp-content\/uploads\/2021\/05\/pokteni2-300x168.jpg 300w, https:\/\/act-grupa.hr\/web\/wp-content\/uploads\/2021\/05\/pokteni2-768x431.jpg 768w\" sizes=\"(max-width: 622px) 100vw, 622px\" \/><\/figure>\n\n\n\n<p>A upravo Alumni mre\u017ea korisnika potpore&nbsp;<strong>\u201ePokreni ne\u0161to svoje\u201c<\/strong>&nbsp;povezuje aktivne sudionike programa i najbolje projekte iz prethodnih generacija, s ciljem osiguravanja stru\u010dne pomo\u0107i i razmjene mi\u0161ljenja i iskustava, pru\u017eaju\u0107i sudionicima programa jo\u0161 jedan vid savjetodavne podr\u0161ke, i to od upravo od poduze\u0107a koja su se nedavno i sama nalazila u najranijoj fazi razvoja.<\/p>\n\n\n\n<p>\u201eIznimno smo ponosni \u0161to kroz ovaj program kontinuirano doprinosimo ja\u010danju mikro poduzetni\u0161tva u Hrvatskoj, a osobito nam je zadovoljstvo vidjeti napredak i uspjehe dobitnika nakon provedbe programa. S obzirom na to da i sami prolazimo kroz vlastitu transformaciju, svjesni smo koliko je ulaganja potrebno za istra\u017eivanje i razvoj novih ideja da bi jednog dana postale konkretni proizvodi i usluge. Va\u017eno nam je da se program iz godine u godinu razvija i odgovara na stvarne potrebe poduzetnika u danom trenutku, a njihov interes govori nam da je program&nbsp;<em>\u201ePokreni ne\u0161to svoje\u201c<\/em>&nbsp;zaista postao zna\u010dajan i prepoznatljiv. Cilj nam je svakako daljnji rast i razvoj programa, kako bismo pru\u017eili potporu \u0161to ve\u0107em broju kvalitetnih projekata\u201c, izjavila je&nbsp;<strong>Dijana Najjar<\/strong>&nbsp;<strong>Ra\u0161kaj<\/strong>&nbsp;iz tvrtke Philip Morris Zagreb d.o.o.<\/p>\n\n\n\n<p>Za financiranje&nbsp;<strong>\u0161est najboljih projekata<\/strong>&nbsp;u okviru petog kruga natje\u010daja Philip Morris Zagreb d.o.o. osigurao je&nbsp;<strong>iznos ukupne vrijednosti od 444.000,00 kuna<\/strong>&nbsp;te \u0107e svaki od dobitnika biti sufinanciran fiksnim iznosom&nbsp;<strong>od 74.000,00 kuna<\/strong>.<\/p>\n\n\n\n<p>&lt;iframe width=&#8221;672&#8243; height=&#8221;473&#8243; src=&#8221;https:\/\/www.youtube.com\/embed\/rkna1mu_-_Y&#8221; title=&#8221;YouTube video player&#8221; frameborder=&#8221;0&#8243; allow=&#8221;accelerometer; autoplay; clipboard-write; encrypted-media; gyroscope; picture-in-picture&#8221; allowfullscreen&gt;&lt;\/iframe&gt;<\/p>\n\n\n\n<p><strong><a href=\"https:\/\/pokreninestosvoje.hr\/prijavnica\/\" target=\"_blank\" rel=\"noreferrer noopener\">Prijave za novi natje\u010daj<\/a><\/strong><strong>&nbsp;otvorene su do 28. velja\u010de 2021. godine<\/strong>&nbsp;do 12 sati. Rezultati natje\u010daja \u0107e biti javno predstavljeni te objavljeni do 14. travnja 2021., a po\u010detak provedbe projekata je 1. svibnja 2021. godine.<\/p>","protected":false},"excerpt":{"rendered":"<p>Otvoren je peti natje\u010daj razvojnog programa potpore poduzetnicima po\u010detnicima i mikro poduze\u0107ima \u2013 \u201ePokreni ne\u0161to svoje\u201c ACT Grupa, potporna organizacija za razvoj dru\u0161tvenog\/impact poduzetni\u0161tva, otvorila je prijave za petu generaciju dobitnika potpore jednog od svojih razvojnih programa koji provodi u partnerstvu s tvrtkom Philip Morris Zagreb d.o.o.. Program&nbsp;\u201ePokreni ne\u0161to svoje\u201c&nbsp;od 2016. godine sustavno daje vjetar [&hellip;]<\/p>\n","protected":false},"author":1,"featured_media":1177,"comment_status":"open","ping_status":"open","sticky":false,"template":"elementor_theme","format":"standard","meta":{"site-sidebar-layout":"default","site-content-layout":null,"ast-site-content-layout":"default","site-content-style":"default","site-sidebar-style":"default","ast-global-header-display":"","ast-banner-title-visibility":"","ast-main-header-display":"enabled","ast-hfb-above-header-display":"","ast-hfb-below-header-display":null,"ast-hfb-mobile-header-display":"","site-post-title":"","ast-breadcrumbs-content":null,"ast-featured-img":"","footer-sml-layout":"","ast-disable-related-posts":"","theme-transparent-header-meta":"default","adv-header-id-meta":"","stick-header-meta":"default","header-above-stick-meta":"","header-main-stick-meta":"","header-below-stick-meta":null,"astra-migrate-meta-layouts":"default","ast-page-background-enabled":"default","ast-page-background-meta":{"desktop":{"background-color":"","background-image":"","background-repeat":"repeat","background-position":"center center","background-size":"auto","background-attachment":"scroll","background-type":"","background-media":"","overlay-type":"","overlay-color":"","overlay-opacity":"","overlay-gradient":""},"tablet":{"background-color":"","background-image":"","background-repeat":"repeat","background-position":"center center","background-size":"auto","background-attachment":"scroll","background-type":"","background-media":"","overlay-type":"","overlay-color":"","overlay-opacity":"","overlay-gradient":""},"mobile":{"background-color":"","background-image":"","background-repeat":"repeat","background-position":"center center","background-size":"auto","background-attachment":"scroll","background-type":"","background-media":"","overlay-type":"","overlay-color":"","overlay-opacity":"","overlay-gradient":""}},"ast-content-background-meta":{"desktop":{"background-color":"var(--ast-global-color-5)","background-image":"","background-repeat":"repeat","background-position":"center center","background-size":"auto","background-attachment":"scroll","background-type":"","background-media":"","overlay-type":"","overlay-color":"","overlay-opacity":"","overlay-gradient":""},"tablet":{"background-color":"var(--ast-global-color-5)","background-image":"","background-repeat":"repeat","background-position":"center center","background-size":"auto","background-attachment":"scroll","background-type":"","background-media":"","overlay-type":"","overlay-color":"","overlay-opacity":"","overlay-gradient":""},"mobile":{"background-color":"var(--ast-global-color-5)","background-image":"","background-repeat":"repeat","background-position":"center center","background-size":"auto","background-attachment":"scroll","background-type":"","background-media":"","overlay-type":"","overlay-color":"","overlay-opacity":"","overlay-gradient":""}},"footnotes":""},"categories":[13],"tags":[],"class_list":["post-1001","post","type-post","status-publish","format-standard","has-post-thumbnail","hentry","category-vijesti"],"yoast_head":"<!-- This site is optimized with the Yoast SEO plugin v27.4 - https:\/\/yoast.com\/product\/yoast-seo-wordpress\/ -->\n<title>Peta godina programa \u201cPokreni ne\u0161to svoje\u201d - ACT Grupa<\/title>\n<meta name=\"robots\" content=\"index, follow, max-snippet:-1, max-image-preview:large, max-video-preview:-1\" \/>\n<link rel=\"canonical\" href=\"https:\/\/act-grupa.hr\/en\/peta-godina-programa-pokreni-nesto-svoje\/\" \/>\n<meta property=\"og:locale\" content=\"en_GB\" \/>\n<meta property=\"og:type\" content=\"article\" \/>\n<meta property=\"og:title\" content=\"Peta godina programa \u201cPokreni ne\u0161to svoje\u201d - ACT Grupa\" \/>\n<meta property=\"og:description\" content=\"Otvoren je peti natje\u010daj razvojnog programa potpore poduzetnicima po\u010detnicima i mikro poduze\u0107ima \u2013 \u201ePokreni ne\u0161to svoje\u201c ACT Grupa, potporna organizacija za razvoj dru\u0161tvenog\/impact poduzetni\u0161tva, otvorila je prijave za petu generaciju dobitnika potpore jednog od svojih razvojnih programa koji provodi u partnerstvu s tvrtkom Philip Morris Zagreb d.o.o.. Program&nbsp;\u201ePokreni ne\u0161to svoje\u201c&nbsp;od 2016. godine sustavno daje vjetar [&hellip;]\" \/>\n<meta property=\"og:url\" content=\"https:\/\/act-grupa.hr\/en\/peta-godina-programa-pokreni-nesto-svoje\/\" \/>\n<meta property=\"og:site_name\" content=\"ACT Grupa\" \/>\n<meta property=\"article:publisher\" content=\"https:\/\/www.facebook.com\/ACTGrupa\" \/>\n<meta property=\"article:published_time\" content=\"2021-02-08T09:31:00+00:00\" \/>\n<meta property=\"article:modified_time\" content=\"2025-01-08T14:17:19+00:00\" \/>\n<meta property=\"og:image\" content=\"https:\/\/act-grupa.hr\/web\/wp-content\/uploads\/2021\/02\/5-godine-pokreni-nesto-scoje-2.jpg\" \/>\n\t<meta property=\"og:image:width\" content=\"850\" \/>\n\t<meta property=\"og:image:height\" content=\"471\" \/>\n\t<meta property=\"og:image:type\" content=\"image\/jpeg\" \/>\n<meta name=\"author\" content=\"Stjepan Mikec\" \/>\n<meta name=\"twitter:card\" content=\"summary_large_image\" \/>\n<meta name=\"twitter:label1\" content=\"Written by\" \/>\n\t<meta name=\"twitter:data1\" content=\"Stjepan Mikec\" \/>\n\t<meta name=\"twitter:label2\" content=\"Estimated reading time\" \/>\n\t<meta name=\"twitter:data2\" content=\"5 minutes\" \/>\n<script type=\"application\/ld+json\" class=\"yoast-schema-graph\">{\"@context\":\"https:\\\/\\\/schema.org\",\"@graph\":[{\"@type\":\"Article\",\"@id\":\"https:\\\/\\\/act-grupa.hr\\\/peta-godina-programa-pokreni-nesto-svoje\\\/#article\",\"isPartOf\":{\"@id\":\"https:\\\/\\\/act-grupa.hr\\\/peta-godina-programa-pokreni-nesto-svoje\\\/\"},\"author\":{\"name\":\"Stjepan Mikec\",\"@id\":\"https:\\\/\\\/act-grupa.hr\\\/#\\\/schema\\\/person\\\/60111a55ffd2a4b83598f64c84a67639\"},\"headline\":\"Peta godina programa \u201cPokreni ne\u0161to svoje\u201d\",\"datePublished\":\"2021-02-08T09:31:00+00:00\",\"dateModified\":\"2025-01-08T14:17:19+00:00\",\"mainEntityOfPage\":{\"@id\":\"https:\\\/\\\/act-grupa.hr\\\/peta-godina-programa-pokreni-nesto-svoje\\\/\"},\"wordCount\":945,\"commentCount\":0,\"publisher\":{\"@id\":\"https:\\\/\\\/act-grupa.hr\\\/#organization\"},\"image\":{\"@id\":\"https:\\\/\\\/act-grupa.hr\\\/peta-godina-programa-pokreni-nesto-svoje\\\/#primaryimage\"},\"thumbnailUrl\":\"https:\\\/\\\/act-grupa.hr\\\/web\\\/wp-content\\\/uploads\\\/2021\\\/02\\\/5-godine-pokreni-nesto-scoje-2.jpg\",\"articleSection\":[\"Vijesti\"],\"inLanguage\":\"en-GB\",\"potentialAction\":[{\"@type\":\"CommentAction\",\"name\":\"Comment\",\"target\":[\"https:\\\/\\\/act-grupa.hr\\\/peta-godina-programa-pokreni-nesto-svoje\\\/#respond\"]}]},{\"@type\":\"WebPage\",\"@id\":\"https:\\\/\\\/act-grupa.hr\\\/peta-godina-programa-pokreni-nesto-svoje\\\/\",\"url\":\"https:\\\/\\\/act-grupa.hr\\\/peta-godina-programa-pokreni-nesto-svoje\\\/\",\"name\":\"Peta godina programa \u201cPokreni ne\u0161to svoje\u201d - ACT Grupa\",\"isPartOf\":{\"@id\":\"https:\\\/\\\/act-grupa.hr\\\/#website\"},\"primaryImageOfPage\":{\"@id\":\"https:\\\/\\\/act-grupa.hr\\\/peta-godina-programa-pokreni-nesto-svoje\\\/#primaryimage\"},\"image\":{\"@id\":\"https:\\\/\\\/act-grupa.hr\\\/peta-godina-programa-pokreni-nesto-svoje\\\/#primaryimage\"},\"thumbnailUrl\":\"https:\\\/\\\/act-grupa.hr\\\/web\\\/wp-content\\\/uploads\\\/2021\\\/02\\\/5-godine-pokreni-nesto-scoje-2.jpg\",\"datePublished\":\"2021-02-08T09:31:00+00:00\",\"dateModified\":\"2025-01-08T14:17:19+00:00\",\"breadcrumb\":{\"@id\":\"https:\\\/\\\/act-grupa.hr\\\/peta-godina-programa-pokreni-nesto-svoje\\\/#breadcrumb\"},\"inLanguage\":\"en-GB\",\"potentialAction\":[{\"@type\":\"ReadAction\",\"target\":[\"https:\\\/\\\/act-grupa.hr\\\/peta-godina-programa-pokreni-nesto-svoje\\\/\"]}]},{\"@type\":\"ImageObject\",\"inLanguage\":\"en-GB\",\"@id\":\"https:\\\/\\\/act-grupa.hr\\\/peta-godina-programa-pokreni-nesto-svoje\\\/#primaryimage\",\"url\":\"https:\\\/\\\/act-grupa.hr\\\/web\\\/wp-content\\\/uploads\\\/2021\\\/02\\\/5-godine-pokreni-nesto-scoje-2.jpg\",\"contentUrl\":\"https:\\\/\\\/act-grupa.hr\\\/web\\\/wp-content\\\/uploads\\\/2021\\\/02\\\/5-godine-pokreni-nesto-scoje-2.jpg\",\"width\":850,\"height\":471},{\"@type\":\"BreadcrumbList\",\"@id\":\"https:\\\/\\\/act-grupa.hr\\\/peta-godina-programa-pokreni-nesto-svoje\\\/#breadcrumb\",\"itemListElement\":[{\"@type\":\"ListItem\",\"position\":1,\"name\":\"Home\",\"item\":\"https:\\\/\\\/act-grupa.hr\\\/\"},{\"@type\":\"ListItem\",\"position\":2,\"name\":\"Peta godina programa \u201cPokreni ne\u0161to svoje\u201d\"}]},{\"@type\":\"WebSite\",\"@id\":\"https:\\\/\\\/act-grupa.hr\\\/#website\",\"url\":\"https:\\\/\\\/act-grupa.hr\\\/\",\"name\":\"ACT Grupa\",\"description\":\"Dobri za posao. Dobri za dru\u0161tvo.\",\"publisher\":{\"@id\":\"https:\\\/\\\/act-grupa.hr\\\/#organization\"},\"potentialAction\":[{\"@type\":\"SearchAction\",\"target\":{\"@type\":\"EntryPoint\",\"urlTemplate\":\"https:\\\/\\\/act-grupa.hr\\\/?s={search_term_string}\"},\"query-input\":{\"@type\":\"PropertyValueSpecification\",\"valueRequired\":true,\"valueName\":\"search_term_string\"}}],\"inLanguage\":\"en-GB\"},{\"@type\":\"Organization\",\"@id\":\"https:\\\/\\\/act-grupa.hr\\\/#organization\",\"name\":\"ACT Grupa\",\"url\":\"https:\\\/\\\/act-grupa.hr\\\/\",\"logo\":{\"@type\":\"ImageObject\",\"inLanguage\":\"en-GB\",\"@id\":\"https:\\\/\\\/act-grupa.hr\\\/#\\\/schema\\\/logo\\\/image\\\/\",\"url\":\"https:\\\/\\\/act-grupa.hr\\\/web\\\/wp-content\\\/uploads\\\/2026\\\/01\\\/AG_logo_transparent-scaled.png\",\"contentUrl\":\"https:\\\/\\\/act-grupa.hr\\\/web\\\/wp-content\\\/uploads\\\/2026\\\/01\\\/AG_logo_transparent-scaled.png\",\"width\":2560,\"height\":834,\"caption\":\"ACT Grupa\"},\"image\":{\"@id\":\"https:\\\/\\\/act-grupa.hr\\\/#\\\/schema\\\/logo\\\/image\\\/\"},\"sameAs\":[\"https:\\\/\\\/www.facebook.com\\\/ACTGrupa\",\"https:\\\/\\\/www.instagram.com\\\/actgrupa\\\/\",\"https:\\\/\\\/www.youtube.com\\\/@actgrupa\",\"https:\\\/\\\/www.linkedin.com\\\/company\\\/act-grupa\"]},{\"@type\":\"Person\",\"@id\":\"https:\\\/\\\/act-grupa.hr\\\/#\\\/schema\\\/person\\\/60111a55ffd2a4b83598f64c84a67639\",\"name\":\"Stjepan Mikec\",\"image\":{\"@type\":\"ImageObject\",\"inLanguage\":\"en-GB\",\"@id\":\"https:\\\/\\\/secure.gravatar.com\\\/avatar\\\/f8e1ab3d935a4776b3ac7418728bcc9fde51b2dc69e4052af274034b46340ea7?s=96&d=mm&r=g\",\"url\":\"https:\\\/\\\/secure.gravatar.com\\\/avatar\\\/f8e1ab3d935a4776b3ac7418728bcc9fde51b2dc69e4052af274034b46340ea7?s=96&d=mm&r=g\",\"contentUrl\":\"https:\\\/\\\/secure.gravatar.com\\\/avatar\\\/f8e1ab3d935a4776b3ac7418728bcc9fde51b2dc69e4052af274034b46340ea7?s=96&d=mm&r=g\",\"caption\":\"Stjepan Mikec\"},\"url\":\"https:\\\/\\\/act-grupa.hr\\\/en\\\/author\\\/admin\\\/\"}]}<\/script>\n<!-- \/ Yoast SEO plugin. -->","yoast_head_json":{"title":"Peta godina programa \u201cPokreni ne\u0161to svoje\u201d - ACT Grupa","robots":{"index":"index","follow":"follow","max-snippet":"max-snippet:-1","max-image-preview":"max-image-preview:large","max-video-preview":"max-video-preview:-1"},"canonical":"https:\/\/act-grupa.hr\/en\/peta-godina-programa-pokreni-nesto-svoje\/","og_locale":"en_GB","og_type":"article","og_title":"Peta godina programa \u201cPokreni ne\u0161to svoje\u201d - ACT Grupa","og_description":"Otvoren je peti natje\u010daj razvojnog programa potpore poduzetnicima po\u010detnicima i mikro poduze\u0107ima \u2013 \u201ePokreni ne\u0161to svoje\u201c ACT Grupa, potporna organizacija za razvoj dru\u0161tvenog\/impact poduzetni\u0161tva, otvorila je prijave za petu generaciju dobitnika potpore jednog od svojih razvojnih programa koji provodi u partnerstvu s tvrtkom Philip Morris Zagreb d.o.o.. Program&nbsp;\u201ePokreni ne\u0161to svoje\u201c&nbsp;od 2016. godine sustavno daje vjetar [&hellip;]","og_url":"https:\/\/act-grupa.hr\/en\/peta-godina-programa-pokreni-nesto-svoje\/","og_site_name":"ACT Grupa","article_publisher":"https:\/\/www.facebook.com\/ACTGrupa","article_published_time":"2021-02-08T09:31:00+00:00","article_modified_time":"2025-01-08T14:17:19+00:00","og_image":[{"width":850,"height":471,"url":"https:\/\/act-grupa.hr\/web\/wp-content\/uploads\/2021\/02\/5-godine-pokreni-nesto-scoje-2.jpg","type":"image\/jpeg"}],"author":"Stjepan Mikec","twitter_card":"summary_large_image","twitter_misc":{"Written by":"Stjepan Mikec","Estimated reading time":"5 minutes"},"schema":{"@context":"https:\/\/schema.org","@graph":[{"@type":"Article","@id":"https:\/\/act-grupa.hr\/peta-godina-programa-pokreni-nesto-svoje\/#article","isPartOf":{"@id":"https:\/\/act-grupa.hr\/peta-godina-programa-pokreni-nesto-svoje\/"},"author":{"name":"Stjepan Mikec","@id":"https:\/\/act-grupa.hr\/#\/schema\/person\/60111a55ffd2a4b83598f64c84a67639"},"headline":"Peta godina programa \u201cPokreni ne\u0161to svoje\u201d","datePublished":"2021-02-08T09:31:00+00:00","dateModified":"2025-01-08T14:17:19+00:00","mainEntityOfPage":{"@id":"https:\/\/act-grupa.hr\/peta-godina-programa-pokreni-nesto-svoje\/"},"wordCount":945,"commentCount":0,"publisher":{"@id":"https:\/\/act-grupa.hr\/#organization"},"image":{"@id":"https:\/\/act-grupa.hr\/peta-godina-programa-pokreni-nesto-svoje\/#primaryimage"},"thumbnailUrl":"https:\/\/act-grupa.hr\/web\/wp-content\/uploads\/2021\/02\/5-godine-pokreni-nesto-scoje-2.jpg","articleSection":["Vijesti"],"inLanguage":"en-GB","potentialAction":[{"@type":"CommentAction","name":"Comment","target":["https:\/\/act-grupa.hr\/peta-godina-programa-pokreni-nesto-svoje\/#respond"]}]},{"@type":"WebPage","@id":"https:\/\/act-grupa.hr\/peta-godina-programa-pokreni-nesto-svoje\/","url":"https:\/\/act-grupa.hr\/peta-godina-programa-pokreni-nesto-svoje\/","name":"Peta godina programa \u201cPokreni ne\u0161to svoje\u201d - ACT Grupa","isPartOf":{"@id":"https:\/\/act-grupa.hr\/#website"},"primaryImageOfPage":{"@id":"https:\/\/act-grupa.hr\/peta-godina-programa-pokreni-nesto-svoje\/#primaryimage"},"image":{"@id":"https:\/\/act-grupa.hr\/peta-godina-programa-pokreni-nesto-svoje\/#primaryimage"},"thumbnailUrl":"https:\/\/act-grupa.hr\/web\/wp-content\/uploads\/2021\/02\/5-godine-pokreni-nesto-scoje-2.jpg","datePublished":"2021-02-08T09:31:00+00:00","dateModified":"2025-01-08T14:17:19+00:00","breadcrumb":{"@id":"https:\/\/act-grupa.hr\/peta-godina-programa-pokreni-nesto-svoje\/#breadcrumb"},"inLanguage":"en-GB","potentialAction":[{"@type":"ReadAction","target":["https:\/\/act-grupa.hr\/peta-godina-programa-pokreni-nesto-svoje\/"]}]},{"@type":"ImageObject","inLanguage":"en-GB","@id":"https:\/\/act-grupa.hr\/peta-godina-programa-pokreni-nesto-svoje\/#primaryimage","url":"https:\/\/act-grupa.hr\/web\/wp-content\/uploads\/2021\/02\/5-godine-pokreni-nesto-scoje-2.jpg","contentUrl":"https:\/\/act-grupa.hr\/web\/wp-content\/uploads\/2021\/02\/5-godine-pokreni-nesto-scoje-2.jpg","width":850,"height":471},{"@type":"BreadcrumbList","@id":"https:\/\/act-grupa.hr\/peta-godina-programa-pokreni-nesto-svoje\/#breadcrumb","itemListElement":[{"@type":"ListItem","position":1,"name":"Home","item":"https:\/\/act-grupa.hr\/"},{"@type":"ListItem","position":2,"name":"Peta godina programa \u201cPokreni ne\u0161to svoje\u201d"}]},{"@type":"WebSite","@id":"https:\/\/act-grupa.hr\/#website","url":"https:\/\/act-grupa.hr\/","name":"ACT Grupa","description":"Dobri za posao. Dobri za dru\u0161tvo.","publisher":{"@id":"https:\/\/act-grupa.hr\/#organization"},"potentialAction":[{"@type":"SearchAction","target":{"@type":"EntryPoint","urlTemplate":"https:\/\/act-grupa.hr\/?s={search_term_string}"},"query-input":{"@type":"PropertyValueSpecification","valueRequired":true,"valueName":"search_term_string"}}],"inLanguage":"en-GB"},{"@type":"Organization","@id":"https:\/\/act-grupa.hr\/#organization","name":"ACT Grupa","url":"https:\/\/act-grupa.hr\/","logo":{"@type":"ImageObject","inLanguage":"en-GB","@id":"https:\/\/act-grupa.hr\/#\/schema\/logo\/image\/","url":"https:\/\/act-grupa.hr\/web\/wp-content\/uploads\/2026\/01\/AG_logo_transparent-scaled.png","contentUrl":"https:\/\/act-grupa.hr\/web\/wp-content\/uploads\/2026\/01\/AG_logo_transparent-scaled.png","width":2560,"height":834,"caption":"ACT Grupa"},"image":{"@id":"https:\/\/act-grupa.hr\/#\/schema\/logo\/image\/"},"sameAs":["https:\/\/www.facebook.com\/ACTGrupa","https:\/\/www.instagram.com\/actgrupa\/","https:\/\/www.youtube.com\/@actgrupa","https:\/\/www.linkedin.com\/company\/act-grupa"]},{"@type":"Person","@id":"https:\/\/act-grupa.hr\/#\/schema\/person\/60111a55ffd2a4b83598f64c84a67639","name":"Stjepan Mikec","image":{"@type":"ImageObject","inLanguage":"en-GB","@id":"https:\/\/secure.gravatar.com\/avatar\/f8e1ab3d935a4776b3ac7418728bcc9fde51b2dc69e4052af274034b46340ea7?s=96&d=mm&r=g","url":"https:\/\/secure.gravatar.com\/avatar\/f8e1ab3d935a4776b3ac7418728bcc9fde51b2dc69e4052af274034b46340ea7?s=96&d=mm&r=g","contentUrl":"https:\/\/secure.gravatar.com\/avatar\/f8e1ab3d935a4776b3ac7418728bcc9fde51b2dc69e4052af274034b46340ea7?s=96&d=mm&r=g","caption":"Stjepan Mikec"},"url":"https:\/\/act-grupa.hr\/en\/author\/admin\/"}]}},"_links":{"self":[{"href":"https:\/\/act-grupa.hr\/en\/wp-json\/wp\/v2\/posts\/1001","targetHints":{"allow":["GET"]}}],"collection":[{"href":"https:\/\/act-grupa.hr\/en\/wp-json\/wp\/v2\/posts"}],"about":[{"href":"https:\/\/act-grupa.hr\/en\/wp-json\/wp\/v2\/types\/post"}],"author":[{"embeddable":true,"href":"https:\/\/act-grupa.hr\/en\/wp-json\/wp\/v2\/users\/1"}],"replies":[{"embeddable":true,"href":"https:\/\/act-grupa.hr\/en\/wp-json\/wp\/v2\/comments?post=1001"}],"version-history":[{"count":2,"href":"https:\/\/act-grupa.hr\/en\/wp-json\/wp\/v2\/posts\/1001\/revisions"}],"predecessor-version":[{"id":1071,"href":"https:\/\/act-grupa.hr\/en\/wp-json\/wp\/v2\/posts\/1001\/revisions\/1071"}],"wp:featuredmedia":[{"embeddable":true,"href":"https:\/\/act-grupa.hr\/en\/wp-json\/wp\/v2\/media\/1177"}],"wp:attachment":[{"href":"https:\/\/act-grupa.hr\/en\/wp-json\/wp\/v2\/media?parent=1001"}],"wp:term":[{"taxonomy":"category","embeddable":true,"href":"https:\/\/act-grupa.hr\/en\/wp-json\/wp\/v2\/categories?post=1001"},{"taxonomy":"post_tag","embeddable":true,"href":"https:\/\/act-grupa.hr\/en\/wp-json\/wp\/v2\/tags?post=1001"}],"curies":[{"name":"wp","href":"https:\/\/api.w.org\/{rel}","templated":true}]}}