{"id":2272,"date":"2022-01-28T10:28:37","date_gmt":"2022-01-28T10:28:37","guid":{"rendered":"https:\/\/act-grupa.hr\/?p=2272"},"modified":"2025-01-08T14:16:57","modified_gmt":"2025-01-08T14:16:57","slug":"iskustva-volontiranja-u-krizi-nakon-potresa-u-smz","status":"publish","type":"post","link":"https:\/\/act-grupa.hr\/en\/iskustva-volontiranja-u-krizi-nakon-potresa-u-smz\/","title":{"rendered":"Iskustva volontiranja u krizi nakon potresa u SM\u017d"},"content":{"rendered":"<p>U posljednjih nekoliko godina svjedoci smo razli\u010ditih kriznih situacija u Hrvatskoj \u2013 poplave, po\u017eari, izbjegli\u010dka kriza, COVID-19 kriza, a najnovija kriza koja je pogodila hrvatsko dru\u0161tvo je kriza uzrokovana potresom, prvo u Zagrebu u o\u017eujku 2020., a potom u Petrinji i okolnim mjestima u prosincu 2020. godine.<\/p>\n\n\n\n<p>Krizna stanja poput poplava, humanitarne izbjegli\u010dke krize, pandemije ili potresa jasno su pokazala va\u017enost volonterskog anga\u017emana. Upravo su se volonteri na\u0161li u prvim redovima za\u0161tite ranjivih skupina, saniranja \u0161tete, socijalne i psiholo\u0161ke podr\u0161ke, stvaraju\u0107i na taj na\u010din i \u0161ire\u0107i mre\u017eu solidarnosti kroz razli\u010dite oblike povezivanja i zajedni\u010dkog djelovanja za op\u0107e dobro.<\/p>\n\n\n\n<p>Tim okupljen oko projetka<a href=\"https:\/\/act-grupa.hr\/en\/projekti\/radius-v\/\" target=\"_blank\" rel=\"noreferrer noopener\"> Radius V <\/a>koji se bavi istra\u017eivanjem i razvojem volonterstva, proveo je <strong>istra\u017eivanje \u010diji je fokus na kriznom volontiranju na podru\u010dju Sisa\u010dko-moslava\u010dke \u017eupanije tijekom krize uzrokovane potresom<\/strong> koji se dogodio u prosincu 2020. g. te <strong>iskustvima volontera tijekom samog volontiranja<\/strong>, kao i o njihovim <strong>dojmovima i stavovima nakon volontiranja<\/strong>.<\/p>\n\n\n\n<h3 class=\"wp-block-heading\">Solidarnost prije svega<\/h3>\n\n\n\n<p><br>Rezultati dobiveni ovim istra\u017eivanjem ne mogu se generalizirati, no nagla\u0161ena je osobito solidarna dimenzija hrvatskog dru\u0161tva \u2013 <strong>volonteri su kao glavnu motivaciju za volontiranje navodili solidarnost prema stradalom stanovni\u0161tvu<\/strong> te su posebno istaknuli<strong> va\u017enost brzine odaziva gra\u0111ana na volontiranje i doniranje potrep\u0161tina<\/strong>. <\/p>\n\n\n\n<p>Ipak, vidljivo je i nepovjerenje u institucije, \u0161to pokazuju brojna dru\u0161tvena istra\u017eivanja, pa i ovo. Volonteri su iznimno kriti\u010dni prema reakciji nadle\u017enih institucija i smatraju da su velik dio tereta ove krize na le\u0111ima iznijele organizacije civilnoga dru\u0161tva i neformalne inicijative. <\/p>\n\n\n\n<blockquote class=\"wp-block-quote is-style-large is-layout-flow wp-block-quote-is-layout-flow\"><p>\u201c\u2026zbog svega toga je o\u010dito da je potrebna koordinacija od strane dr\u017eave i lokalnih vlasti, ali toga nema. Nema strategije, nema ideje kako se upravlja krizom. Mislim da to ni sada nismo nau\u010dili.\u201d<\/p><cite>volonter-ispitanik<\/cite><\/blockquote>\n\n\n\n<p>Ispitanici su naveli <strong>nu\u017enost pobolj\u0161avanja sustava reagiranja u krizi, uklju\u010duju\u0107i i krizno volontiranje<\/strong>, smatraju tako da je koordinacija volontera mogla i trebala biti bolja, a nagla\u0161ena je i <strong>potreba za boljim informiranjem gra\u0111ana<\/strong> \u2013 kako ne bi dolazili spontano i samoinicijativno na krizom pogo\u0111eno podru\u010dje jer to mo\u017ee dovesti do zastoja u pru\u017eanju pomo\u0107i i op\u0107enito stvaranju kaosa na terenu<\/p>\n\n\n\n<p>Rezultate istra\u017eivanja mo\u017eete prona\u0107i <a href=\"https:\/\/www.docdroid.net\/cHeTOM9\/rezultati-istrazivanja-iskustva-volontiranja-u-krizi-nakon-potresa-na-podrucju-smz-pdf\" target=\"_blank\" rel=\"noreferrer noopener\">ovdje<\/a>. <\/p>\n\n\n\n<p>Projekt Radius V sufinanciran je iz Europskog socijalnog fonda, a projektni konzorcij \u010dine <a href=\"http:\/\/www.dkolektiv.hr\" target=\"_blank\" rel=\"noreferrer noopener\">DKolektiv \u2013 organizacija za dru\u0161tveni razvoj<\/a>, <a href=\"https:\/\/www.hcrv.hr\" target=\"_blank\" rel=\"noreferrer noopener\">Hrvatski centar za razvoj volonterstva<\/a>, <a href=\"http:\/\/www.vcz.hr\" target=\"_blank\" rel=\"noreferrer noopener\">Volonterski centar Zagreb<\/a>, <a href=\"https:\/\/www.udruga-mi.hr\" target=\"_blank\" rel=\"noreferrer noopener\">Udruga \u201eMI\u201c \u2013 Split<\/a>, <a href=\"https:\/\/www.smart.hr\" target=\"_blank\" rel=\"noreferrer noopener\">Udruga za razvoj civilnog dru\u0161tva SMART<\/a>, <a href=\"https:\/\/cci.hr\" target=\"_blank\" rel=\"noreferrer noopener\">Centar za civilne inicijative<\/a>, <a href=\"http:\/\/www.facebook.com\/actgrupa\" target=\"_blank\" rel=\"noreferrer noopener\">ACT Grupa<\/a>, <a href=\"https:\/\/uniri.hr\" target=\"_blank\" rel=\"noreferrer noopener\">Sveu\u010dili\u0161te u Rijeci<\/a>, <a href=\"https:\/\/www.ffri.uniri.hr\" target=\"_blank\" rel=\"noreferrer noopener\">Filozofski fakultet u Rijeci<\/a>, <a href=\"https:\/\/www.split.hr\" target=\"_blank\" rel=\"noreferrer noopener\">Grad Split<\/a>, <a href=\"http:\/\/www.rijeka.hr\" target=\"_blank\" rel=\"noreferrer noopener\">Grad Rijeka<\/a> i <a href=\"http:\/\/proni.hr\" target=\"_blank\" rel=\"noreferrer noopener\">PRONI Centar za socijalno podu\u010davanje<\/a>. <\/p>","protected":false},"excerpt":{"rendered":"<p>U posljednjih nekoliko godina svjedoci smo razli\u010ditih kriznih situacija u Hrvatskoj \u2013 poplave, po\u017eari, izbjegli\u010dka kriza, COVID-19 kriza, a najnovija kriza koja je pogodila hrvatsko dru\u0161tvo je kriza uzrokovana potresom, prvo u Zagrebu u o\u017eujku 2020., a potom u Petrinji i okolnim mjestima u prosincu 2020. godine. Krizna stanja poput poplava, humanitarne izbjegli\u010dke krize, pandemije [&hellip;]<\/p>\n","protected":false},"author":4,"featured_media":2273,"comment_status":"open","ping_status":"open","sticky":false,"template":"elementor_theme","format":"standard","meta":{"site-sidebar-layout":"default","site-content-layout":null,"ast-site-content-layout":"default","site-content-style":"default","site-sidebar-style":"default","ast-global-header-display":"","ast-banner-title-visibility":"","ast-main-header-display":"","ast-hfb-above-header-display":"","ast-hfb-below-header-display":null,"ast-hfb-mobile-header-display":"","site-post-title":"","ast-breadcrumbs-content":null,"ast-featured-img":"","footer-sml-layout":"","ast-disable-related-posts":"","theme-transparent-header-meta":"","adv-header-id-meta":"","stick-header-meta":"","header-above-stick-meta":"","header-main-stick-meta":"","header-below-stick-meta":null,"astra-migrate-meta-layouts":"default","ast-page-background-enabled":"default","ast-page-background-meta":{"desktop":{"background-color":"","background-image":"","background-repeat":"repeat","background-position":"center center","background-size":"auto","background-attachment":"scroll","background-type":"","background-media":"","overlay-type":"","overlay-color":"","overlay-opacity":"","overlay-gradient":""},"tablet":{"background-color":"","background-image":"","background-repeat":"repeat","background-position":"center center","background-size":"auto","background-attachment":"scroll","background-type":"","background-media":"","overlay-type":"","overlay-color":"","overlay-opacity":"","overlay-gradient":""},"mobile":{"background-color":"","background-image":"","background-repeat":"repeat","background-position":"center center","background-size":"auto","background-attachment":"scroll","background-type":"","background-media":"","overlay-type":"","overlay-color":"","overlay-opacity":"","overlay-gradient":""}},"ast-content-background-meta":{"desktop":{"background-color":"var(--ast-global-color-5)","background-image":"","background-repeat":"repeat","background-position":"center center","background-size":"auto","background-attachment":"scroll","background-type":"","background-media":"","overlay-type":"","overlay-color":"","overlay-opacity":"","overlay-gradient":""},"tablet":{"background-color":"var(--ast-global-color-5)","background-image":"","background-repeat":"repeat","background-position":"center center","background-size":"auto","background-attachment":"scroll","background-type":"","background-media":"","overlay-type":"","overlay-color":"","overlay-opacity":"","overlay-gradient":""},"mobile":{"background-color":"var(--ast-global-color-5)","background-image":"","background-repeat":"repeat","background-position":"center center","background-size":"auto","background-attachment":"scroll","background-type":"","background-media":"","overlay-type":"","overlay-color":"","overlay-opacity":"","overlay-gradient":""}},"footnotes":""},"categories":[8,10,13],"tags":[],"class_list":["post-2272","post","type-post","status-publish","format-standard","has-post-thumbnail","hentry","category-actovci","category-ocd","category-vijesti"],"yoast_head":"<!-- This site is optimized with the Yoast SEO plugin v27.4 - https:\/\/yoast.com\/product\/yoast-seo-wordpress\/ -->\n<title>Iskustva volontiranja u krizi nakon potresa u SM\u017d - ACT Grupa<\/title>\n<meta name=\"description\" content=\"Rezultati istra\u017eivanja o skustvima volontera tijekom samog volontiranja, kao i o njihovim dojmovima i stavovima nakon volontiranja.\" \/>\n<meta name=\"robots\" content=\"index, follow, max-snippet:-1, max-image-preview:large, max-video-preview:-1\" \/>\n<link rel=\"canonical\" href=\"https:\/\/act-grupa.hr\/en\/iskustva-volontiranja-u-krizi-nakon-potresa-u-smz\/\" \/>\n<meta property=\"og:locale\" content=\"en_GB\" \/>\n<meta property=\"og:type\" content=\"article\" \/>\n<meta property=\"og:title\" content=\"Iskustva volontiranja u krizi nakon potresa u SM\u017d - ACT Grupa\" \/>\n<meta property=\"og:description\" content=\"Rezultati istra\u017eivanja o skustvima volontera tijekom samog volontiranja, kao i o njihovim dojmovima i stavovima nakon volontiranja.\" \/>\n<meta property=\"og:url\" content=\"https:\/\/act-grupa.hr\/en\/iskustva-volontiranja-u-krizi-nakon-potresa-u-smz\/\" \/>\n<meta property=\"og:site_name\" content=\"ACT Grupa\" \/>\n<meta property=\"article:publisher\" content=\"https:\/\/www.facebook.com\/ACTGrupa\" \/>\n<meta property=\"article:published_time\" content=\"2022-01-28T10:28:37+00:00\" \/>\n<meta property=\"article:modified_time\" content=\"2025-01-08T14:16:57+00:00\" \/>\n<meta property=\"og:image\" content=\"https:\/\/act-grupa.hr\/web\/wp-content\/uploads\/2022\/01\/pxl-291220-31296712_t586Qg5.jpg\" \/>\n\t<meta property=\"og:image:width\" content=\"1243\" \/>\n\t<meta property=\"og:image:height\" content=\"700\" \/>\n\t<meta property=\"og:image:type\" content=\"image\/jpeg\" \/>\n<meta name=\"author\" content=\"Ana Brigovi\u0107\" \/>\n<meta name=\"twitter:card\" content=\"summary_large_image\" \/>\n<meta name=\"twitter:image\" content=\"https:\/\/act-grupa.hr\/web\/wp-content\/uploads\/2022\/01\/pxl-291220-31296712_t586Qg5.jpg\" \/>\n<meta name=\"twitter:label1\" content=\"Written by\" \/>\n\t<meta name=\"twitter:data1\" content=\"Ana Brigovi\u0107\" \/>\n\t<meta name=\"twitter:label2\" content=\"Estimated reading time\" \/>\n\t<meta name=\"twitter:data2\" content=\"2 minutes\" \/>\n<script type=\"application\/ld+json\" class=\"yoast-schema-graph\">{\"@context\":\"https:\\\/\\\/schema.org\",\"@graph\":[{\"@type\":\"Article\",\"@id\":\"https:\\\/\\\/act-grupa.hr\\\/iskustva-volontiranja-u-krizi-nakon-potresa-u-smz\\\/#article\",\"isPartOf\":{\"@id\":\"https:\\\/\\\/act-grupa.hr\\\/iskustva-volontiranja-u-krizi-nakon-potresa-u-smz\\\/\"},\"author\":{\"name\":\"Ana Brigovi\u0107\",\"@id\":\"https:\\\/\\\/act-grupa.hr\\\/#\\\/schema\\\/person\\\/8d2def9f0007a57de4918be8ea0f44b4\"},\"headline\":\"Iskustva volontiranja u krizi nakon potresa u SM\u017d\",\"datePublished\":\"2022-01-28T10:28:37+00:00\",\"dateModified\":\"2025-01-08T14:16:57+00:00\",\"mainEntityOfPage\":{\"@id\":\"https:\\\/\\\/act-grupa.hr\\\/iskustva-volontiranja-u-krizi-nakon-potresa-u-smz\\\/\"},\"wordCount\":455,\"commentCount\":0,\"publisher\":{\"@id\":\"https:\\\/\\\/act-grupa.hr\\\/#organization\"},\"image\":{\"@id\":\"https:\\\/\\\/act-grupa.hr\\\/iskustva-volontiranja-u-krizi-nakon-potresa-u-smz\\\/#primaryimage\"},\"thumbnailUrl\":\"https:\\\/\\\/act-grupa.hr\\\/web\\\/wp-content\\\/uploads\\\/2022\\\/01\\\/pxl-291220-31296712_t586Qg5.jpg\",\"articleSection\":[\"Actovci\",\"OCD\",\"Vijesti\"],\"inLanguage\":\"en-GB\",\"potentialAction\":[{\"@type\":\"CommentAction\",\"name\":\"Comment\",\"target\":[\"https:\\\/\\\/act-grupa.hr\\\/iskustva-volontiranja-u-krizi-nakon-potresa-u-smz\\\/#respond\"]}]},{\"@type\":\"WebPage\",\"@id\":\"https:\\\/\\\/act-grupa.hr\\\/iskustva-volontiranja-u-krizi-nakon-potresa-u-smz\\\/\",\"url\":\"https:\\\/\\\/act-grupa.hr\\\/iskustva-volontiranja-u-krizi-nakon-potresa-u-smz\\\/\",\"name\":\"Iskustva volontiranja u krizi nakon potresa u SM\u017d - ACT Grupa\",\"isPartOf\":{\"@id\":\"https:\\\/\\\/act-grupa.hr\\\/#website\"},\"primaryImageOfPage\":{\"@id\":\"https:\\\/\\\/act-grupa.hr\\\/iskustva-volontiranja-u-krizi-nakon-potresa-u-smz\\\/#primaryimage\"},\"image\":{\"@id\":\"https:\\\/\\\/act-grupa.hr\\\/iskustva-volontiranja-u-krizi-nakon-potresa-u-smz\\\/#primaryimage\"},\"thumbnailUrl\":\"https:\\\/\\\/act-grupa.hr\\\/web\\\/wp-content\\\/uploads\\\/2022\\\/01\\\/pxl-291220-31296712_t586Qg5.jpg\",\"datePublished\":\"2022-01-28T10:28:37+00:00\",\"dateModified\":\"2025-01-08T14:16:57+00:00\",\"description\":\"Rezultati istra\u017eivanja o skustvima volontera tijekom samog volontiranja, kao i o njihovim dojmovima i stavovima nakon volontiranja.\",\"breadcrumb\":{\"@id\":\"https:\\\/\\\/act-grupa.hr\\\/iskustva-volontiranja-u-krizi-nakon-potresa-u-smz\\\/#breadcrumb\"},\"inLanguage\":\"en-GB\",\"potentialAction\":[{\"@type\":\"ReadAction\",\"target\":[\"https:\\\/\\\/act-grupa.hr\\\/iskustva-volontiranja-u-krizi-nakon-potresa-u-smz\\\/\"]}]},{\"@type\":\"ImageObject\",\"inLanguage\":\"en-GB\",\"@id\":\"https:\\\/\\\/act-grupa.hr\\\/iskustva-volontiranja-u-krizi-nakon-potresa-u-smz\\\/#primaryimage\",\"url\":\"https:\\\/\\\/act-grupa.hr\\\/web\\\/wp-content\\\/uploads\\\/2022\\\/01\\\/pxl-291220-31296712_t586Qg5.jpg\",\"contentUrl\":\"https:\\\/\\\/act-grupa.hr\\\/web\\\/wp-content\\\/uploads\\\/2022\\\/01\\\/pxl-291220-31296712_t586Qg5.jpg\",\"width\":1243,\"height\":700,\"caption\":\"petrinja potres volontiranje\"},{\"@type\":\"BreadcrumbList\",\"@id\":\"https:\\\/\\\/act-grupa.hr\\\/iskustva-volontiranja-u-krizi-nakon-potresa-u-smz\\\/#breadcrumb\",\"itemListElement\":[{\"@type\":\"ListItem\",\"position\":1,\"name\":\"Home\",\"item\":\"https:\\\/\\\/act-grupa.hr\\\/\"},{\"@type\":\"ListItem\",\"position\":2,\"name\":\"Iskustva volontiranja u krizi nakon potresa u SM\u017d\"}]},{\"@type\":\"WebSite\",\"@id\":\"https:\\\/\\\/act-grupa.hr\\\/#website\",\"url\":\"https:\\\/\\\/act-grupa.hr\\\/\",\"name\":\"ACT Grupa\",\"description\":\"Dobri za posao. Dobri za dru\u0161tvo.\",\"publisher\":{\"@id\":\"https:\\\/\\\/act-grupa.hr\\\/#organization\"},\"potentialAction\":[{\"@type\":\"SearchAction\",\"target\":{\"@type\":\"EntryPoint\",\"urlTemplate\":\"https:\\\/\\\/act-grupa.hr\\\/?s={search_term_string}\"},\"query-input\":{\"@type\":\"PropertyValueSpecification\",\"valueRequired\":true,\"valueName\":\"search_term_string\"}}],\"inLanguage\":\"en-GB\"},{\"@type\":\"Organization\",\"@id\":\"https:\\\/\\\/act-grupa.hr\\\/#organization\",\"name\":\"ACT Grupa\",\"url\":\"https:\\\/\\\/act-grupa.hr\\\/\",\"logo\":{\"@type\":\"ImageObject\",\"inLanguage\":\"en-GB\",\"@id\":\"https:\\\/\\\/act-grupa.hr\\\/#\\\/schema\\\/logo\\\/image\\\/\",\"url\":\"https:\\\/\\\/act-grupa.hr\\\/web\\\/wp-content\\\/uploads\\\/2026\\\/01\\\/AG_logo_transparent-scaled.png\",\"contentUrl\":\"https:\\\/\\\/act-grupa.hr\\\/web\\\/wp-content\\\/uploads\\\/2026\\\/01\\\/AG_logo_transparent-scaled.png\",\"width\":2560,\"height\":834,\"caption\":\"ACT Grupa\"},\"image\":{\"@id\":\"https:\\\/\\\/act-grupa.hr\\\/#\\\/schema\\\/logo\\\/image\\\/\"},\"sameAs\":[\"https:\\\/\\\/www.facebook.com\\\/ACTGrupa\",\"https:\\\/\\\/www.instagram.com\\\/actgrupa\\\/\",\"https:\\\/\\\/www.youtube.com\\\/@actgrupa\",\"https:\\\/\\\/www.linkedin.com\\\/company\\\/act-grupa\"]},{\"@type\":\"Person\",\"@id\":\"https:\\\/\\\/act-grupa.hr\\\/#\\\/schema\\\/person\\\/8d2def9f0007a57de4918be8ea0f44b4\",\"name\":\"Ana Brigovi\u0107\",\"image\":{\"@type\":\"ImageObject\",\"inLanguage\":\"en-GB\",\"@id\":\"https:\\\/\\\/secure.gravatar.com\\\/avatar\\\/4195054f6f5400c8a159a5f14c9ec15154cc115b63e2a9acd898c0a90882b4ea?s=96&d=mm&r=g\",\"url\":\"https:\\\/\\\/secure.gravatar.com\\\/avatar\\\/4195054f6f5400c8a159a5f14c9ec15154cc115b63e2a9acd898c0a90882b4ea?s=96&d=mm&r=g\",\"contentUrl\":\"https:\\\/\\\/secure.gravatar.com\\\/avatar\\\/4195054f6f5400c8a159a5f14c9ec15154cc115b63e2a9acd898c0a90882b4ea?s=96&d=mm&r=g\",\"caption\":\"Ana Brigovi\u0107\"},\"url\":\"https:\\\/\\\/act-grupa.hr\\\/en\\\/author\\\/ana-brigovic\\\/\"}]}<\/script>\n<!-- \/ Yoast SEO plugin. -->","yoast_head_json":{"title":"Iskustva volontiranja u krizi nakon potresa u SM\u017d - ACT Grupa","description":"Rezultati istra\u017eivanja o skustvima volontera tijekom samog volontiranja, kao i o njihovim dojmovima i stavovima nakon volontiranja.","robots":{"index":"index","follow":"follow","max-snippet":"max-snippet:-1","max-image-preview":"max-image-preview:large","max-video-preview":"max-video-preview:-1"},"canonical":"https:\/\/act-grupa.hr\/en\/iskustva-volontiranja-u-krizi-nakon-potresa-u-smz\/","og_locale":"en_GB","og_type":"article","og_title":"Iskustva volontiranja u krizi nakon potresa u SM\u017d - ACT Grupa","og_description":"Rezultati istra\u017eivanja o skustvima volontera tijekom samog volontiranja, kao i o njihovim dojmovima i stavovima nakon volontiranja.","og_url":"https:\/\/act-grupa.hr\/en\/iskustva-volontiranja-u-krizi-nakon-potresa-u-smz\/","og_site_name":"ACT Grupa","article_publisher":"https:\/\/www.facebook.com\/ACTGrupa","article_published_time":"2022-01-28T10:28:37+00:00","article_modified_time":"2025-01-08T14:16:57+00:00","og_image":[{"width":1243,"height":700,"url":"https:\/\/act-grupa.hr\/web\/wp-content\/uploads\/2022\/01\/pxl-291220-31296712_t586Qg5.jpg","type":"image\/jpeg"}],"author":"Ana Brigovi\u0107","twitter_card":"summary_large_image","twitter_image":"https:\/\/act-grupa.hr\/web\/wp-content\/uploads\/2022\/01\/pxl-291220-31296712_t586Qg5.jpg","twitter_misc":{"Written by":"Ana Brigovi\u0107","Estimated reading time":"2 minutes"},"schema":{"@context":"https:\/\/schema.org","@graph":[{"@type":"Article","@id":"https:\/\/act-grupa.hr\/iskustva-volontiranja-u-krizi-nakon-potresa-u-smz\/#article","isPartOf":{"@id":"https:\/\/act-grupa.hr\/iskustva-volontiranja-u-krizi-nakon-potresa-u-smz\/"},"author":{"name":"Ana Brigovi\u0107","@id":"https:\/\/act-grupa.hr\/#\/schema\/person\/8d2def9f0007a57de4918be8ea0f44b4"},"headline":"Iskustva volontiranja u krizi nakon potresa u SM\u017d","datePublished":"2022-01-28T10:28:37+00:00","dateModified":"2025-01-08T14:16:57+00:00","mainEntityOfPage":{"@id":"https:\/\/act-grupa.hr\/iskustva-volontiranja-u-krizi-nakon-potresa-u-smz\/"},"wordCount":455,"commentCount":0,"publisher":{"@id":"https:\/\/act-grupa.hr\/#organization"},"image":{"@id":"https:\/\/act-grupa.hr\/iskustva-volontiranja-u-krizi-nakon-potresa-u-smz\/#primaryimage"},"thumbnailUrl":"https:\/\/act-grupa.hr\/web\/wp-content\/uploads\/2022\/01\/pxl-291220-31296712_t586Qg5.jpg","articleSection":["Actovci","OCD","Vijesti"],"inLanguage":"en-GB","potentialAction":[{"@type":"CommentAction","name":"Comment","target":["https:\/\/act-grupa.hr\/iskustva-volontiranja-u-krizi-nakon-potresa-u-smz\/#respond"]}]},{"@type":"WebPage","@id":"https:\/\/act-grupa.hr\/iskustva-volontiranja-u-krizi-nakon-potresa-u-smz\/","url":"https:\/\/act-grupa.hr\/iskustva-volontiranja-u-krizi-nakon-potresa-u-smz\/","name":"Iskustva volontiranja u krizi nakon potresa u SM\u017d - ACT Grupa","isPartOf":{"@id":"https:\/\/act-grupa.hr\/#website"},"primaryImageOfPage":{"@id":"https:\/\/act-grupa.hr\/iskustva-volontiranja-u-krizi-nakon-potresa-u-smz\/#primaryimage"},"image":{"@id":"https:\/\/act-grupa.hr\/iskustva-volontiranja-u-krizi-nakon-potresa-u-smz\/#primaryimage"},"thumbnailUrl":"https:\/\/act-grupa.hr\/web\/wp-content\/uploads\/2022\/01\/pxl-291220-31296712_t586Qg5.jpg","datePublished":"2022-01-28T10:28:37+00:00","dateModified":"2025-01-08T14:16:57+00:00","description":"Rezultati istra\u017eivanja o skustvima volontera tijekom samog volontiranja, kao i o njihovim dojmovima i stavovima nakon volontiranja.","breadcrumb":{"@id":"https:\/\/act-grupa.hr\/iskustva-volontiranja-u-krizi-nakon-potresa-u-smz\/#breadcrumb"},"inLanguage":"en-GB","potentialAction":[{"@type":"ReadAction","target":["https:\/\/act-grupa.hr\/iskustva-volontiranja-u-krizi-nakon-potresa-u-smz\/"]}]},{"@type":"ImageObject","inLanguage":"en-GB","@id":"https:\/\/act-grupa.hr\/iskustva-volontiranja-u-krizi-nakon-potresa-u-smz\/#primaryimage","url":"https:\/\/act-grupa.hr\/web\/wp-content\/uploads\/2022\/01\/pxl-291220-31296712_t586Qg5.jpg","contentUrl":"https:\/\/act-grupa.hr\/web\/wp-content\/uploads\/2022\/01\/pxl-291220-31296712_t586Qg5.jpg","width":1243,"height":700,"caption":"petrinja potres volontiranje"},{"@type":"BreadcrumbList","@id":"https:\/\/act-grupa.hr\/iskustva-volontiranja-u-krizi-nakon-potresa-u-smz\/#breadcrumb","itemListElement":[{"@type":"ListItem","position":1,"name":"Home","item":"https:\/\/act-grupa.hr\/"},{"@type":"ListItem","position":2,"name":"Iskustva volontiranja u krizi nakon potresa u SM\u017d"}]},{"@type":"WebSite","@id":"https:\/\/act-grupa.hr\/#website","url":"https:\/\/act-grupa.hr\/","name":"ACT Grupa","description":"Dobri za posao. Dobri za dru\u0161tvo.","publisher":{"@id":"https:\/\/act-grupa.hr\/#organization"},"potentialAction":[{"@type":"SearchAction","target":{"@type":"EntryPoint","urlTemplate":"https:\/\/act-grupa.hr\/?s={search_term_string}"},"query-input":{"@type":"PropertyValueSpecification","valueRequired":true,"valueName":"search_term_string"}}],"inLanguage":"en-GB"},{"@type":"Organization","@id":"https:\/\/act-grupa.hr\/#organization","name":"ACT Grupa","url":"https:\/\/act-grupa.hr\/","logo":{"@type":"ImageObject","inLanguage":"en-GB","@id":"https:\/\/act-grupa.hr\/#\/schema\/logo\/image\/","url":"https:\/\/act-grupa.hr\/web\/wp-content\/uploads\/2026\/01\/AG_logo_transparent-scaled.png","contentUrl":"https:\/\/act-grupa.hr\/web\/wp-content\/uploads\/2026\/01\/AG_logo_transparent-scaled.png","width":2560,"height":834,"caption":"ACT Grupa"},"image":{"@id":"https:\/\/act-grupa.hr\/#\/schema\/logo\/image\/"},"sameAs":["https:\/\/www.facebook.com\/ACTGrupa","https:\/\/www.instagram.com\/actgrupa\/","https:\/\/www.youtube.com\/@actgrupa","https:\/\/www.linkedin.com\/company\/act-grupa"]},{"@type":"Person","@id":"https:\/\/act-grupa.hr\/#\/schema\/person\/8d2def9f0007a57de4918be8ea0f44b4","name":"Ana Brigovi\u0107","image":{"@type":"ImageObject","inLanguage":"en-GB","@id":"https:\/\/secure.gravatar.com\/avatar\/4195054f6f5400c8a159a5f14c9ec15154cc115b63e2a9acd898c0a90882b4ea?s=96&d=mm&r=g","url":"https:\/\/secure.gravatar.com\/avatar\/4195054f6f5400c8a159a5f14c9ec15154cc115b63e2a9acd898c0a90882b4ea?s=96&d=mm&r=g","contentUrl":"https:\/\/secure.gravatar.com\/avatar\/4195054f6f5400c8a159a5f14c9ec15154cc115b63e2a9acd898c0a90882b4ea?s=96&d=mm&r=g","caption":"Ana Brigovi\u0107"},"url":"https:\/\/act-grupa.hr\/en\/author\/ana-brigovic\/"}]}},"_links":{"self":[{"href":"https:\/\/act-grupa.hr\/en\/wp-json\/wp\/v2\/posts\/2272","targetHints":{"allow":["GET"]}}],"collection":[{"href":"https:\/\/act-grupa.hr\/en\/wp-json\/wp\/v2\/posts"}],"about":[{"href":"https:\/\/act-grupa.hr\/en\/wp-json\/wp\/v2\/types\/post"}],"author":[{"embeddable":true,"href":"https:\/\/act-grupa.hr\/en\/wp-json\/wp\/v2\/users\/4"}],"replies":[{"embeddable":true,"href":"https:\/\/act-grupa.hr\/en\/wp-json\/wp\/v2\/comments?post=2272"}],"version-history":[{"count":3,"href":"https:\/\/act-grupa.hr\/en\/wp-json\/wp\/v2\/posts\/2272\/revisions"}],"predecessor-version":[{"id":2277,"href":"https:\/\/act-grupa.hr\/en\/wp-json\/wp\/v2\/posts\/2272\/revisions\/2277"}],"wp:featuredmedia":[{"embeddable":true,"href":"https:\/\/act-grupa.hr\/en\/wp-json\/wp\/v2\/media\/2273"}],"wp:attachment":[{"href":"https:\/\/act-grupa.hr\/en\/wp-json\/wp\/v2\/media?parent=2272"}],"wp:term":[{"taxonomy":"category","embeddable":true,"href":"https:\/\/act-grupa.hr\/en\/wp-json\/wp\/v2\/categories?post=2272"},{"taxonomy":"post_tag","embeddable":true,"href":"https:\/\/act-grupa.hr\/en\/wp-json\/wp\/v2\/tags?post=2272"}],"curies":[{"name":"wp","href":"https:\/\/api.w.org\/{rel}","templated":true}]}}