{"id":2638,"date":"2022-10-28T16:04:49","date_gmt":"2022-10-28T16:04:49","guid":{"rendered":"https:\/\/act-grupa.hr\/?p=2638"},"modified":"2025-01-08T14:16:56","modified_gmt":"2025-01-08T14:16:56","slug":"wise-radna-integracija-izvjestaj","status":"publish","type":"post","link":"https:\/\/act-grupa.hr\/en\/wise-radna-integracija-izvjestaj\/","title":{"rendered":"Izazovi i trendovi: Radna integracija u dru\u0161tvenim poduze\u0107ima"},"content":{"rendered":"<p>Objavljeno je \u201eIzvje\u0161\u0107e o trendovima i izazovima s kojima se susre\u0107u dru\u0161tvena poduze\u0107a za radnu integraciju (WISE) u Europi \u2013 Prikaz trenutne situacije nedostataka vje\u0161tina, posebno u digitalnom podru\u010dju\u201c, koje je pripremio&nbsp;<a href=\"https:\/\/euricse.eu\/it\/\">EURICSE<\/a>&nbsp;uz podr\u0161ku svih partnera na projektu.<\/p>\n\n\n\n<p>Svrha izvje\u0161\u0107a je doprinijeti razvoju strate\u0161kog pristupa (Nacrta) sektorske suradnje u podru\u010dju znanja i vje\u0161tina potrebnih za ja\u010danje WISE-a u razvoju vje\u0161tina radnika i odr\u017eivog rje\u0161avanja izazova digitalizacije s kojima su suo\u010deni. <\/p>\n\n\n\n<p>Oslanjaju\u0107i se na dobivene podatke iz 27 zemalja, intervjue licem u lice i internetsku anketu provedenu u 13 zemalja partnera B-WISE-a, izvje\u0161\u0107e analizira glavne pokreta\u010de, zna\u010dajke i trendove razvoja WISE-a u 27 dr\u017eava \u010dlanica EU-a. Tako\u0111er, izvje\u0161\u0107e ispituje potrebe za vje\u0161tinama i nedostatke zaposlenih u WISE-ima, posebno u pogledu digitalnih vje\u0161tina.<\/p>\n\n\n\n<p>Partnerske zemlje B-WISE projekta su Austrija, Belgija, Bugarska, Hrvatska, Francuska, Gr\u010dka, Italija, Latvija, Nizozemska, Poljska, Rumunjska, Slovenija i \u0160panjolska.<\/p>\n\n\n\n<h2 class=\"wp-block-heading\">Sadr\u017eaj izvje\u0161taja<\/h2>\n\n\n\n<p>Izvje\u0161\u0107e prikazuje WISE sektor u EU-u i isti\u010de izazove s kojima se suo\u010davaju ove organizacije u pru\u017eanju podr\u0161ke radnicima. <\/p>\n\n\n\n<p>U prvom poglavlju izvje\u0161\u0107a analiziraju se ograni\u010denja tr\u017ei\u0161ta rada i slabosti mjera politika rada i socijalnih politika koje se provode radi potpore <a href=\"https:\/\/act-grupa.hr\/en\/amorova-zlica-finale-crowdfunding\/\" target=\"_blank\" rel=\"noreferrer noopener\">radnoj integraciji<\/a> radnika kojima je potrebna podr\u0161ka. Sljede\u0107a poglavlja raspravljaju o klju\u010dnim zna\u010dajkama WISE-a, njihovoj dodanoj vrijednosti, \u0161to ih pokre\u0107e i koji su obrasci razvoja WISE-a. <\/p>\n\n\n\n<p>Radna integracija te modeli i podru\u010dja gospodarskog djelovanja WISE-a su tako\u0111er bili predmet analize, a u izdanju su predstavljene i razli\u010dite pravne strukture WISE-a u 27 zemalja EU, kao i javni, privatni, monetarni i nemonetarni resursi kojima WISE-vi imaju pristup.<\/p>\n\n\n\n<figure class=\"wp-block-image size-full\"><img fetchpriority=\"high\" decoding=\"async\" width=\"940\" height=\"788\" src=\"https:\/\/act-grupa.hr\/web\/wp-content\/uploads\/2022\/10\/B-WISE-Report_WP2_Facebook-2.png\" alt=\"radna integracija, wises\" class=\"wp-image-2640\" srcset=\"https:\/\/act-grupa.hr\/web\/wp-content\/uploads\/2022\/10\/B-WISE-Report_WP2_Facebook-2.png 940w, https:\/\/act-grupa.hr\/web\/wp-content\/uploads\/2022\/10\/B-WISE-Report_WP2_Facebook-2-300x251.png 300w, https:\/\/act-grupa.hr\/web\/wp-content\/uploads\/2022\/10\/B-WISE-Report_WP2_Facebook-2-768x644.png 768w, https:\/\/act-grupa.hr\/web\/wp-content\/uploads\/2022\/10\/B-WISE-Report_WP2_Facebook-2-14x12.png 14w\" sizes=\"(max-width: 940px) 100vw, 940px\" \/><figcaption>Radna integracija u dru\u0161tvenim poduze\u0107ima je tema novog izvje\u0161taja<\/figcaption><\/figure>\n\n\n\n<p>Osim toga, ilustrira se kontekst potreba i obrasci razvoja WISE-a u tri skupine zemalja, kao i tehni\u010dke i meke vje\u0161tine tj. nedostatci za navedenim vje\u0161tinama kod zaposlenika WISE-a (upravitelja, podupiratelja i radnika).<\/p>\n\n\n\n<p>Kraj izvje\u0161\u0107a posve\u0107en je procjeni trenutnog stanje tehnologije, digitalizacije i digitalnih vje\u0161tina WISE-a u 13 zemalja sudionica projekta B-WISE. Nagla\u0161eni su i najnoviji trendovi i izazovi s kojima se suo\u010davaju WISE-vi u zemljama sudionicama.<\/p>\n\n\n\n<p>Ovo izvje\u0161\u0107e predstavlja temelj budu\u0107eg rada projektnih partnera. Ve\u0107 sada se radi na analizi potreba za vje\u0161tinama i znanjem svih WISE radnika kako bi se zatim mogli izraditi namjenski kurikulumi i u kona\u010dnici sektorska strategiju stjecanja tih vje\u0161tina.<\/p>\n\n\n\n<p>Izvje\u0161\u0107e preuzmite <a href=\"https:\/\/www.bwiseproject.eu\/Portals\/bewise\/OpenContent\/Files\/1061\/B-wise_WP1_Research_Report-2.pdf\" target=\"_blank\" rel=\"noreferrer noopener\">ovdje<\/a>.<\/p>\n\n\n\n<p><\/p>","protected":false},"excerpt":{"rendered":"<p>Objavljeno je \u201eIzvje\u0161\u0107e o trendovima i izazovima s kojima se susre\u0107u dru\u0161tvena poduze\u0107a za radnu integraciju (WISE) u Europi \u2013 Prikaz trenutne situacije nedostataka vje\u0161tina, posebno u digitalnom podru\u010dju\u201c, koje je pripremio&nbsp;EURICSE&nbsp;uz podr\u0161ku svih partnera na projektu. Svrha izvje\u0161\u0107a je doprinijeti razvoju strate\u0161kog pristupa (Nacrta) sektorske suradnje u podru\u010dju znanja i vje\u0161tina potrebnih za ja\u010danje [&hellip;]<\/p>\n","protected":false},"author":4,"featured_media":2643,"comment_status":"open","ping_status":"open","sticky":false,"template":"","format":"standard","meta":{"site-sidebar-layout":"default","site-content-layout":null,"ast-site-content-layout":"default","site-content-style":"default","site-sidebar-style":"default","ast-global-header-display":"","ast-banner-title-visibility":"","ast-main-header-display":"","ast-hfb-above-header-display":"","ast-hfb-below-header-display":null,"ast-hfb-mobile-header-display":"","site-post-title":"","ast-breadcrumbs-content":null,"ast-featured-img":"","footer-sml-layout":"","ast-disable-related-posts":"","theme-transparent-header-meta":"","adv-header-id-meta":"","stick-header-meta":"","header-above-stick-meta":"","header-main-stick-meta":"","header-below-stick-meta":null,"astra-migrate-meta-layouts":"default","ast-page-background-enabled":"default","ast-page-background-meta":{"desktop":{"background-color":"","background-image":"","background-repeat":"repeat","background-position":"center center","background-size":"auto","background-attachment":"scroll","background-type":"","background-media":"","overlay-type":"","overlay-color":"","overlay-opacity":"","overlay-gradient":""},"tablet":{"background-color":"","background-image":"","background-repeat":"repeat","background-position":"center center","background-size":"auto","background-attachment":"scroll","background-type":"","background-media":"","overlay-type":"","overlay-color":"","overlay-opacity":"","overlay-gradient":""},"mobile":{"background-color":"","background-image":"","background-repeat":"repeat","background-position":"center center","background-size":"auto","background-attachment":"scroll","background-type":"","background-media":"","overlay-type":"","overlay-color":"","overlay-opacity":"","overlay-gradient":""}},"ast-content-background-meta":{"desktop":{"background-color":"var(--ast-global-color-5)","background-image":"","background-repeat":"repeat","background-position":"center center","background-size":"auto","background-attachment":"scroll","background-type":"","background-media":"","overlay-type":"","overlay-color":"","overlay-opacity":"","overlay-gradient":""},"tablet":{"background-color":"var(--ast-global-color-5)","background-image":"","background-repeat":"repeat","background-position":"center center","background-size":"auto","background-attachment":"scroll","background-type":"","background-media":"","overlay-type":"","overlay-color":"","overlay-opacity":"","overlay-gradient":""},"mobile":{"background-color":"var(--ast-global-color-5)","background-image":"","background-repeat":"repeat","background-position":"center center","background-size":"auto","background-attachment":"scroll","background-type":"","background-media":"","overlay-type":"","overlay-color":"","overlay-opacity":"","overlay-gradient":""}},"footnotes":""},"categories":[11,13],"tags":[88,89,90,86,87],"class_list":["post-2638","post","type-post","status-publish","format-standard","has-post-thumbnail","hentry","category-poduzetnici","category-vijesti","tag-bwise","tag-euricse","tag-izvjestaj","tag-radna-integracija","tag-wise"],"yoast_head":"<!-- This site is optimized with the Yoast SEO plugin v27.4 - https:\/\/yoast.com\/product\/yoast-seo-wordpress\/ -->\n<title>Izazovi i trendovi: Radna integracija u dru\u0161tvenim poduze\u0107ima - ACT Grupa<\/title>\n<meta name=\"description\" content=\"Izazovi i trendovi dru\u0161tvenih poduze\u0107a kojima je tema radna integracija su tema novog izvje\u0161taja koji je nastao u 27 zemalja\" \/>\n<meta name=\"robots\" content=\"index, follow, max-snippet:-1, max-image-preview:large, max-video-preview:-1\" \/>\n<link rel=\"canonical\" href=\"https:\/\/act-grupa.hr\/en\/wise-radna-integracija-izvjestaj\/\" \/>\n<meta property=\"og:locale\" content=\"en_GB\" \/>\n<meta property=\"og:type\" content=\"article\" \/>\n<meta property=\"og:title\" content=\"Izazovi i trendovi: Radna integracija u dru\u0161tvenim poduze\u0107ima - ACT Grupa\" \/>\n<meta property=\"og:description\" content=\"Izazovi i trendovi dru\u0161tvenih poduze\u0107a kojima je tema radna integracija su tema novog izvje\u0161taja koji je nastao u 27 zemalja\" \/>\n<meta property=\"og:url\" content=\"https:\/\/act-grupa.hr\/en\/wise-radna-integracija-izvjestaj\/\" \/>\n<meta property=\"og:site_name\" content=\"ACT Grupa\" \/>\n<meta property=\"article:publisher\" content=\"https:\/\/www.facebook.com\/ACTGrupa\" \/>\n<meta property=\"article:published_time\" content=\"2022-10-28T16:04:49+00:00\" \/>\n<meta property=\"article:modified_time\" content=\"2025-01-08T14:16:56+00:00\" \/>\n<meta property=\"og:image\" content=\"https:\/\/act-grupa.hr\/web\/wp-content\/uploads\/2022\/10\/scott-graham-5fNmWej4tAA-unsplash-scaled.jpg\" \/>\n\t<meta property=\"og:image:width\" content=\"2560\" \/>\n\t<meta property=\"og:image:height\" content=\"1709\" \/>\n\t<meta property=\"og:image:type\" content=\"image\/jpeg\" \/>\n<meta name=\"author\" content=\"Ana Brigovi\u0107\" \/>\n<meta name=\"twitter:card\" content=\"summary_large_image\" \/>\n<meta name=\"twitter:label1\" content=\"Written by\" \/>\n\t<meta name=\"twitter:data1\" content=\"Ana Brigovi\u0107\" \/>\n\t<meta name=\"twitter:label2\" content=\"Estimated reading time\" \/>\n\t<meta name=\"twitter:data2\" content=\"2 minutes\" \/>\n<script type=\"application\/ld+json\" class=\"yoast-schema-graph\">{\"@context\":\"https:\\\/\\\/schema.org\",\"@graph\":[{\"@type\":\"Article\",\"@id\":\"https:\\\/\\\/act-grupa.hr\\\/wise-radna-integracija-izvjestaj\\\/#article\",\"isPartOf\":{\"@id\":\"https:\\\/\\\/act-grupa.hr\\\/wise-radna-integracija-izvjestaj\\\/\"},\"author\":{\"name\":\"Ana Brigovi\u0107\",\"@id\":\"https:\\\/\\\/act-grupa.hr\\\/#\\\/schema\\\/person\\\/8d2def9f0007a57de4918be8ea0f44b4\"},\"headline\":\"Izazovi i trendovi: Radna integracija u dru\u0161tvenim poduze\u0107ima\",\"datePublished\":\"2022-10-28T16:04:49+00:00\",\"dateModified\":\"2025-01-08T14:16:56+00:00\",\"mainEntityOfPage\":{\"@id\":\"https:\\\/\\\/act-grupa.hr\\\/wise-radna-integracija-izvjestaj\\\/\"},\"wordCount\":434,\"commentCount\":0,\"publisher\":{\"@id\":\"https:\\\/\\\/act-grupa.hr\\\/#organization\"},\"image\":{\"@id\":\"https:\\\/\\\/act-grupa.hr\\\/wise-radna-integracija-izvjestaj\\\/#primaryimage\"},\"thumbnailUrl\":\"https:\\\/\\\/act-grupa.hr\\\/web\\\/wp-content\\\/uploads\\\/2022\\\/10\\\/scott-graham-5fNmWej4tAA-unsplash-scaled.jpg\",\"keywords\":[\"bwise\",\"EURICSE\",\"izvje\u0161taj\",\"radna integracija\",\"wise\"],\"articleSection\":[\"Poduzetnici\",\"Vijesti\"],\"inLanguage\":\"en-GB\",\"potentialAction\":[{\"@type\":\"CommentAction\",\"name\":\"Comment\",\"target\":[\"https:\\\/\\\/act-grupa.hr\\\/wise-radna-integracija-izvjestaj\\\/#respond\"]}]},{\"@type\":\"WebPage\",\"@id\":\"https:\\\/\\\/act-grupa.hr\\\/wise-radna-integracija-izvjestaj\\\/\",\"url\":\"https:\\\/\\\/act-grupa.hr\\\/wise-radna-integracija-izvjestaj\\\/\",\"name\":\"Izazovi i trendovi: Radna integracija u dru\u0161tvenim poduze\u0107ima - ACT Grupa\",\"isPartOf\":{\"@id\":\"https:\\\/\\\/act-grupa.hr\\\/#website\"},\"primaryImageOfPage\":{\"@id\":\"https:\\\/\\\/act-grupa.hr\\\/wise-radna-integracija-izvjestaj\\\/#primaryimage\"},\"image\":{\"@id\":\"https:\\\/\\\/act-grupa.hr\\\/wise-radna-integracija-izvjestaj\\\/#primaryimage\"},\"thumbnailUrl\":\"https:\\\/\\\/act-grupa.hr\\\/web\\\/wp-content\\\/uploads\\\/2022\\\/10\\\/scott-graham-5fNmWej4tAA-unsplash-scaled.jpg\",\"datePublished\":\"2022-10-28T16:04:49+00:00\",\"dateModified\":\"2025-01-08T14:16:56+00:00\",\"description\":\"Izazovi i trendovi dru\u0161tvenih poduze\u0107a kojima je tema radna integracija su tema novog izvje\u0161taja koji je nastao u 27 zemalja\",\"breadcrumb\":{\"@id\":\"https:\\\/\\\/act-grupa.hr\\\/wise-radna-integracija-izvjestaj\\\/#breadcrumb\"},\"inLanguage\":\"en-GB\",\"potentialAction\":[{\"@type\":\"ReadAction\",\"target\":[\"https:\\\/\\\/act-grupa.hr\\\/wise-radna-integracija-izvjestaj\\\/\"]}]},{\"@type\":\"ImageObject\",\"inLanguage\":\"en-GB\",\"@id\":\"https:\\\/\\\/act-grupa.hr\\\/wise-radna-integracija-izvjestaj\\\/#primaryimage\",\"url\":\"https:\\\/\\\/act-grupa.hr\\\/web\\\/wp-content\\\/uploads\\\/2022\\\/10\\\/scott-graham-5fNmWej4tAA-unsplash-scaled.jpg\",\"contentUrl\":\"https:\\\/\\\/act-grupa.hr\\\/web\\\/wp-content\\\/uploads\\\/2022\\\/10\\\/scott-graham-5fNmWej4tAA-unsplash-scaled.jpg\",\"width\":2560,\"height\":1709,\"caption\":\"ilustracija \\\/ Scott Graham, Unsplash\"},{\"@type\":\"BreadcrumbList\",\"@id\":\"https:\\\/\\\/act-grupa.hr\\\/wise-radna-integracija-izvjestaj\\\/#breadcrumb\",\"itemListElement\":[{\"@type\":\"ListItem\",\"position\":1,\"name\":\"Home\",\"item\":\"https:\\\/\\\/act-grupa.hr\\\/\"},{\"@type\":\"ListItem\",\"position\":2,\"name\":\"Izazovi i trendovi: Radna integracija u dru\u0161tvenim poduze\u0107ima\"}]},{\"@type\":\"WebSite\",\"@id\":\"https:\\\/\\\/act-grupa.hr\\\/#website\",\"url\":\"https:\\\/\\\/act-grupa.hr\\\/\",\"name\":\"ACT Grupa\",\"description\":\"Dobri za posao. Dobri za dru\u0161tvo.\",\"publisher\":{\"@id\":\"https:\\\/\\\/act-grupa.hr\\\/#organization\"},\"potentialAction\":[{\"@type\":\"SearchAction\",\"target\":{\"@type\":\"EntryPoint\",\"urlTemplate\":\"https:\\\/\\\/act-grupa.hr\\\/?s={search_term_string}\"},\"query-input\":{\"@type\":\"PropertyValueSpecification\",\"valueRequired\":true,\"valueName\":\"search_term_string\"}}],\"inLanguage\":\"en-GB\"},{\"@type\":\"Organization\",\"@id\":\"https:\\\/\\\/act-grupa.hr\\\/#organization\",\"name\":\"ACT Grupa\",\"url\":\"https:\\\/\\\/act-grupa.hr\\\/\",\"logo\":{\"@type\":\"ImageObject\",\"inLanguage\":\"en-GB\",\"@id\":\"https:\\\/\\\/act-grupa.hr\\\/#\\\/schema\\\/logo\\\/image\\\/\",\"url\":\"https:\\\/\\\/act-grupa.hr\\\/web\\\/wp-content\\\/uploads\\\/2026\\\/01\\\/AG_logo_transparent-scaled.png\",\"contentUrl\":\"https:\\\/\\\/act-grupa.hr\\\/web\\\/wp-content\\\/uploads\\\/2026\\\/01\\\/AG_logo_transparent-scaled.png\",\"width\":2560,\"height\":834,\"caption\":\"ACT Grupa\"},\"image\":{\"@id\":\"https:\\\/\\\/act-grupa.hr\\\/#\\\/schema\\\/logo\\\/image\\\/\"},\"sameAs\":[\"https:\\\/\\\/www.facebook.com\\\/ACTGrupa\",\"https:\\\/\\\/www.instagram.com\\\/actgrupa\\\/\",\"https:\\\/\\\/www.youtube.com\\\/@actgrupa\",\"https:\\\/\\\/www.linkedin.com\\\/company\\\/act-grupa\"]},{\"@type\":\"Person\",\"@id\":\"https:\\\/\\\/act-grupa.hr\\\/#\\\/schema\\\/person\\\/8d2def9f0007a57de4918be8ea0f44b4\",\"name\":\"Ana Brigovi\u0107\",\"image\":{\"@type\":\"ImageObject\",\"inLanguage\":\"en-GB\",\"@id\":\"https:\\\/\\\/secure.gravatar.com\\\/avatar\\\/4195054f6f5400c8a159a5f14c9ec15154cc115b63e2a9acd898c0a90882b4ea?s=96&d=mm&r=g\",\"url\":\"https:\\\/\\\/secure.gravatar.com\\\/avatar\\\/4195054f6f5400c8a159a5f14c9ec15154cc115b63e2a9acd898c0a90882b4ea?s=96&d=mm&r=g\",\"contentUrl\":\"https:\\\/\\\/secure.gravatar.com\\\/avatar\\\/4195054f6f5400c8a159a5f14c9ec15154cc115b63e2a9acd898c0a90882b4ea?s=96&d=mm&r=g\",\"caption\":\"Ana Brigovi\u0107\"},\"url\":\"https:\\\/\\\/act-grupa.hr\\\/en\\\/author\\\/ana-brigovic\\\/\"}]}<\/script>\n<!-- \/ Yoast SEO plugin. -->","yoast_head_json":{"title":"Izazovi i trendovi: Radna integracija u dru\u0161tvenim poduze\u0107ima - ACT Grupa","description":"Izazovi i trendovi dru\u0161tvenih poduze\u0107a kojima je tema radna integracija su tema novog izvje\u0161taja koji je nastao u 27 zemalja","robots":{"index":"index","follow":"follow","max-snippet":"max-snippet:-1","max-image-preview":"max-image-preview:large","max-video-preview":"max-video-preview:-1"},"canonical":"https:\/\/act-grupa.hr\/en\/wise-radna-integracija-izvjestaj\/","og_locale":"en_GB","og_type":"article","og_title":"Izazovi i trendovi: Radna integracija u dru\u0161tvenim poduze\u0107ima - ACT Grupa","og_description":"Izazovi i trendovi dru\u0161tvenih poduze\u0107a kojima je tema radna integracija su tema novog izvje\u0161taja koji je nastao u 27 zemalja","og_url":"https:\/\/act-grupa.hr\/en\/wise-radna-integracija-izvjestaj\/","og_site_name":"ACT Grupa","article_publisher":"https:\/\/www.facebook.com\/ACTGrupa","article_published_time":"2022-10-28T16:04:49+00:00","article_modified_time":"2025-01-08T14:16:56+00:00","og_image":[{"width":2560,"height":1709,"url":"https:\/\/act-grupa.hr\/web\/wp-content\/uploads\/2022\/10\/scott-graham-5fNmWej4tAA-unsplash-scaled.jpg","type":"image\/jpeg"}],"author":"Ana Brigovi\u0107","twitter_card":"summary_large_image","twitter_misc":{"Written by":"Ana Brigovi\u0107","Estimated reading time":"2 minutes"},"schema":{"@context":"https:\/\/schema.org","@graph":[{"@type":"Article","@id":"https:\/\/act-grupa.hr\/wise-radna-integracija-izvjestaj\/#article","isPartOf":{"@id":"https:\/\/act-grupa.hr\/wise-radna-integracija-izvjestaj\/"},"author":{"name":"Ana Brigovi\u0107","@id":"https:\/\/act-grupa.hr\/#\/schema\/person\/8d2def9f0007a57de4918be8ea0f44b4"},"headline":"Izazovi i trendovi: Radna integracija u dru\u0161tvenim poduze\u0107ima","datePublished":"2022-10-28T16:04:49+00:00","dateModified":"2025-01-08T14:16:56+00:00","mainEntityOfPage":{"@id":"https:\/\/act-grupa.hr\/wise-radna-integracija-izvjestaj\/"},"wordCount":434,"commentCount":0,"publisher":{"@id":"https:\/\/act-grupa.hr\/#organization"},"image":{"@id":"https:\/\/act-grupa.hr\/wise-radna-integracija-izvjestaj\/#primaryimage"},"thumbnailUrl":"https:\/\/act-grupa.hr\/web\/wp-content\/uploads\/2022\/10\/scott-graham-5fNmWej4tAA-unsplash-scaled.jpg","keywords":["bwise","EURICSE","izvje\u0161taj","radna integracija","wise"],"articleSection":["Poduzetnici","Vijesti"],"inLanguage":"en-GB","potentialAction":[{"@type":"CommentAction","name":"Comment","target":["https:\/\/act-grupa.hr\/wise-radna-integracija-izvjestaj\/#respond"]}]},{"@type":"WebPage","@id":"https:\/\/act-grupa.hr\/wise-radna-integracija-izvjestaj\/","url":"https:\/\/act-grupa.hr\/wise-radna-integracija-izvjestaj\/","name":"Izazovi i trendovi: Radna integracija u dru\u0161tvenim poduze\u0107ima - ACT Grupa","isPartOf":{"@id":"https:\/\/act-grupa.hr\/#website"},"primaryImageOfPage":{"@id":"https:\/\/act-grupa.hr\/wise-radna-integracija-izvjestaj\/#primaryimage"},"image":{"@id":"https:\/\/act-grupa.hr\/wise-radna-integracija-izvjestaj\/#primaryimage"},"thumbnailUrl":"https:\/\/act-grupa.hr\/web\/wp-content\/uploads\/2022\/10\/scott-graham-5fNmWej4tAA-unsplash-scaled.jpg","datePublished":"2022-10-28T16:04:49+00:00","dateModified":"2025-01-08T14:16:56+00:00","description":"Izazovi i trendovi dru\u0161tvenih poduze\u0107a kojima je tema radna integracija su tema novog izvje\u0161taja koji je nastao u 27 zemalja","breadcrumb":{"@id":"https:\/\/act-grupa.hr\/wise-radna-integracija-izvjestaj\/#breadcrumb"},"inLanguage":"en-GB","potentialAction":[{"@type":"ReadAction","target":["https:\/\/act-grupa.hr\/wise-radna-integracija-izvjestaj\/"]}]},{"@type":"ImageObject","inLanguage":"en-GB","@id":"https:\/\/act-grupa.hr\/wise-radna-integracija-izvjestaj\/#primaryimage","url":"https:\/\/act-grupa.hr\/web\/wp-content\/uploads\/2022\/10\/scott-graham-5fNmWej4tAA-unsplash-scaled.jpg","contentUrl":"https:\/\/act-grupa.hr\/web\/wp-content\/uploads\/2022\/10\/scott-graham-5fNmWej4tAA-unsplash-scaled.jpg","width":2560,"height":1709,"caption":"ilustracija \/ Scott Graham, Unsplash"},{"@type":"BreadcrumbList","@id":"https:\/\/act-grupa.hr\/wise-radna-integracija-izvjestaj\/#breadcrumb","itemListElement":[{"@type":"ListItem","position":1,"name":"Home","item":"https:\/\/act-grupa.hr\/"},{"@type":"ListItem","position":2,"name":"Izazovi i trendovi: Radna integracija u dru\u0161tvenim poduze\u0107ima"}]},{"@type":"WebSite","@id":"https:\/\/act-grupa.hr\/#website","url":"https:\/\/act-grupa.hr\/","name":"ACT Grupa","description":"Dobri za posao. Dobri za dru\u0161tvo.","publisher":{"@id":"https:\/\/act-grupa.hr\/#organization"},"potentialAction":[{"@type":"SearchAction","target":{"@type":"EntryPoint","urlTemplate":"https:\/\/act-grupa.hr\/?s={search_term_string}"},"query-input":{"@type":"PropertyValueSpecification","valueRequired":true,"valueName":"search_term_string"}}],"inLanguage":"en-GB"},{"@type":"Organization","@id":"https:\/\/act-grupa.hr\/#organization","name":"ACT Grupa","url":"https:\/\/act-grupa.hr\/","logo":{"@type":"ImageObject","inLanguage":"en-GB","@id":"https:\/\/act-grupa.hr\/#\/schema\/logo\/image\/","url":"https:\/\/act-grupa.hr\/web\/wp-content\/uploads\/2026\/01\/AG_logo_transparent-scaled.png","contentUrl":"https:\/\/act-grupa.hr\/web\/wp-content\/uploads\/2026\/01\/AG_logo_transparent-scaled.png","width":2560,"height":834,"caption":"ACT Grupa"},"image":{"@id":"https:\/\/act-grupa.hr\/#\/schema\/logo\/image\/"},"sameAs":["https:\/\/www.facebook.com\/ACTGrupa","https:\/\/www.instagram.com\/actgrupa\/","https:\/\/www.youtube.com\/@actgrupa","https:\/\/www.linkedin.com\/company\/act-grupa"]},{"@type":"Person","@id":"https:\/\/act-grupa.hr\/#\/schema\/person\/8d2def9f0007a57de4918be8ea0f44b4","name":"Ana Brigovi\u0107","image":{"@type":"ImageObject","inLanguage":"en-GB","@id":"https:\/\/secure.gravatar.com\/avatar\/4195054f6f5400c8a159a5f14c9ec15154cc115b63e2a9acd898c0a90882b4ea?s=96&d=mm&r=g","url":"https:\/\/secure.gravatar.com\/avatar\/4195054f6f5400c8a159a5f14c9ec15154cc115b63e2a9acd898c0a90882b4ea?s=96&d=mm&r=g","contentUrl":"https:\/\/secure.gravatar.com\/avatar\/4195054f6f5400c8a159a5f14c9ec15154cc115b63e2a9acd898c0a90882b4ea?s=96&d=mm&r=g","caption":"Ana Brigovi\u0107"},"url":"https:\/\/act-grupa.hr\/en\/author\/ana-brigovic\/"}]}},"_links":{"self":[{"href":"https:\/\/act-grupa.hr\/en\/wp-json\/wp\/v2\/posts\/2638","targetHints":{"allow":["GET"]}}],"collection":[{"href":"https:\/\/act-grupa.hr\/en\/wp-json\/wp\/v2\/posts"}],"about":[{"href":"https:\/\/act-grupa.hr\/en\/wp-json\/wp\/v2\/types\/post"}],"author":[{"embeddable":true,"href":"https:\/\/act-grupa.hr\/en\/wp-json\/wp\/v2\/users\/4"}],"replies":[{"embeddable":true,"href":"https:\/\/act-grupa.hr\/en\/wp-json\/wp\/v2\/comments?post=2638"}],"version-history":[{"count":5,"href":"https:\/\/act-grupa.hr\/en\/wp-json\/wp\/v2\/posts\/2638\/revisions"}],"predecessor-version":[{"id":2645,"href":"https:\/\/act-grupa.hr\/en\/wp-json\/wp\/v2\/posts\/2638\/revisions\/2645"}],"wp:featuredmedia":[{"embeddable":true,"href":"https:\/\/act-grupa.hr\/en\/wp-json\/wp\/v2\/media\/2643"}],"wp:attachment":[{"href":"https:\/\/act-grupa.hr\/en\/wp-json\/wp\/v2\/media?parent=2638"}],"wp:term":[{"taxonomy":"category","embeddable":true,"href":"https:\/\/act-grupa.hr\/en\/wp-json\/wp\/v2\/categories?post=2638"},{"taxonomy":"post_tag","embeddable":true,"href":"https:\/\/act-grupa.hr\/en\/wp-json\/wp\/v2\/tags?post=2638"}],"curies":[{"name":"wp","href":"https:\/\/api.w.org\/{rel}","templated":true}]}}