{"id":3078,"date":"2023-05-23T09:58:03","date_gmt":"2023-05-23T09:58:03","guid":{"rendered":"https:\/\/act-grupa.hr\/?p=3078"},"modified":"2025-01-08T14:16:56","modified_gmt":"2025-01-08T14:16:56","slug":"odrzana-konferencija-impact-x20","status":"publish","type":"post","link":"https:\/\/act-grupa.hr\/en\/odrzana-konferencija-impact-x20\/","title":{"rendered":"Odr\u017eana Konferencija IMPACT x20\u00a0"},"content":{"rendered":"<p>ACT Grupa, udruga sa sjedi\u0161tem u \u010cakovcu, ove godine obilje\u017eava 20 godina svog djelovanja. Tih dva desetlje\u0107a posve\u0107eno je boljitku dru\u0161tva kroz doprinos ja\u010danju ekonomije utemeljene na praksama pozitivnog povrata za zajednicu. ACT Grupa djelovanje je kao pokreta\u010d te podr\u0161ka za dru\u0161tvene inovacije, dru\u0161tveno poduzetni\u0161tvo, akcelerator za impact poduzetni\u0161tvo i edukatori koji poma\u017eu organizacijama civilnog dru\u0161tva usvojiti poduzetni\u010dke prakse i na\u010dine razmi\u0161ljanja.&nbsp;<\/p>\n\n\n\n<p><strong>20 godina djelovanja ACT Grupe<\/strong> obilje\u017eeno je konferencijom <strong><em>IMPACTx20<\/em><\/strong> odr\u017eanoj 19. svibnja 2023. u Zagrebu, u sklopu LEAP Summit (Impact Stage). Bila je to konferencija u konferenciji. Ovaj doga\u0111aj je okupio lidere i pionire impacta<em> <\/em>u na\u0161em ekosustavu s ciljem promicanja pozitivnog dru\u0161tvenog utjecaja i rasta impact poduzetni\u0161tva i ulaganja u regiji. Konferencija je odr\u017eana u Konferencijskom centru Zagreba\u010dkog Velesajma u dvorani \u2018Zimski vrt\u2019 za vi\u0161e od 150 posjetitelja. Voditelj konferencije bio je \u017eivopisni <strong>Damjan Rai\u0107<\/strong>, dugogodi\u0161nji suradnik i prijatelj ACT Grupe.<\/p>\n\n\n\n<figure class=\"wp-block-image size-large\"><img fetchpriority=\"high\" decoding=\"async\" width=\"1024\" height=\"1024\" src=\"https:\/\/act-grupa.hr\/web\/wp-content\/uploads\/2023\/05\/348685957_184196174581632_4762137800939662788_n-1024x1024.jpg\" alt=\"Impact x20\" class=\"wp-image-3083\" srcset=\"https:\/\/act-grupa.hr\/web\/wp-content\/uploads\/2023\/05\/348685957_184196174581632_4762137800939662788_n-1024x1024.jpg 1024w, https:\/\/act-grupa.hr\/web\/wp-content\/uploads\/2023\/05\/348685957_184196174581632_4762137800939662788_n-300x300.jpg 300w, https:\/\/act-grupa.hr\/web\/wp-content\/uploads\/2023\/05\/348685957_184196174581632_4762137800939662788_n-150x150.jpg 150w, https:\/\/act-grupa.hr\/web\/wp-content\/uploads\/2023\/05\/348685957_184196174581632_4762137800939662788_n-768x768.jpg 768w, https:\/\/act-grupa.hr\/web\/wp-content\/uploads\/2023\/05\/348685957_184196174581632_4762137800939662788_n-12x12.jpg 12w, https:\/\/act-grupa.hr\/web\/wp-content\/uploads\/2023\/05\/348685957_184196174581632_4762137800939662788_n.jpg 1440w\" sizes=\"(max-width: 1024px) 100vw, 1024px\" \/><\/figure>\n\n\n\n<p>Posjetitelji su imali priliku poslu\u0161ati te aktivno sudjelovati u bogatim sadr\u017eajima. Konferencija je otvorena govorom osniva\u010da ACT Grupe, <strong>Teodora Petri\u010devi\u0107a<\/strong>. Potom je uslijedio <em>fireside chat<\/em> format razgovora na temu <strong>Institucije za dobro<\/strong>. Kako istra\u017eiva\u010dke, sveu\u010dili\u0161ne i velike institucije mogu pomo\u0107i razvoju poduzetni\u0161tva\u00a0 i koje su trenutne prepreke za istra\u017eiva\u010de koji \u017eele svoja otkri\u0107a pretvoriti u poslovanje kao i koji su izazovi razvoja <em>deep-tech<\/em> ekosustava. Pitanja je postavljao <strong>Robert Pa\u0161i\u010dko<\/strong>, <em>UNDP,<\/em> a na njih je odgovarao <strong>Matija Srbi\u0107<\/strong>, direktor <em>Nuqleusa<\/em> i\u00a0 vode\u0107i zagovornik komercijalizacije znanstvenih istra\u017eivanja kao i podr\u0161ka i mentor za razvoj deep-tech startupa.<\/p>\n\n\n\n<figure class=\"wp-block-image size-large\"><img decoding=\"async\" width=\"1024\" height=\"1024\" src=\"https:\/\/act-grupa.hr\/web\/wp-content\/uploads\/2023\/05\/348457683_1252039429034621_4815035816840860557_n-1024x1024.jpg\" alt=\"Impact x20\" class=\"wp-image-3079\" srcset=\"https:\/\/act-grupa.hr\/web\/wp-content\/uploads\/2023\/05\/348457683_1252039429034621_4815035816840860557_n-1024x1024.jpg 1024w, https:\/\/act-grupa.hr\/web\/wp-content\/uploads\/2023\/05\/348457683_1252039429034621_4815035816840860557_n-300x300.jpg 300w, https:\/\/act-grupa.hr\/web\/wp-content\/uploads\/2023\/05\/348457683_1252039429034621_4815035816840860557_n-150x150.jpg 150w, https:\/\/act-grupa.hr\/web\/wp-content\/uploads\/2023\/05\/348457683_1252039429034621_4815035816840860557_n-768x768.jpg 768w, https:\/\/act-grupa.hr\/web\/wp-content\/uploads\/2023\/05\/348457683_1252039429034621_4815035816840860557_n-12x12.jpg 12w, https:\/\/act-grupa.hr\/web\/wp-content\/uploads\/2023\/05\/348457683_1252039429034621_4815035816840860557_n.jpg 1440w\" sizes=\"(max-width: 1024px) 100vw, 1024px\" \/><\/figure>\n\n\n\n<p>Panel <strong>Financijske institucije za pozitivnu dru\u0161tvenu promjenu<\/strong> zapo\u010deo je formatom <em>reverse pitcha<\/em>. Sudionice panela, nakon mnogih godina iskustva slu\u0161anja pitcheva poduzetnika ovaj put su pitchale i predstavile publici i moderatorici u tri minute svoje poslovanje. <strong>Marija Ma\u017ei\u0107<\/strong> iz <em>Reach for Change<\/em> govorila je o principima i iskustvu djelovanja grantmakera i vo\u0111enja inkubatora za dru\u0161tvene poduzetnike koji stvaraju rje\u0161enja namijenjena razvoju ili edukaciji djece. <strong>Tina Siroti\u0107<\/strong> iz Erste Banke Hrvatska objasnila je poslovanje Social bankinga i podijelila s nama impressive brojke podr\u017eanih dru\u0161tvenih kao i neprofitnih organizacija. Vi\u0161e od 500 klijenata u \u0161est godina postojanja programa dru\u0161tvenog bankarstva \u2018<em>Korak po korak<\/em>\u2019. <strong>Renata Brki\u0107<\/strong>, suosniva\u010dica Feelsgood Impact investicijskog fonda podu\u010dila nas je svojim izlaganjem kako investicijski fondovi rade i dala poticaj poduzetnicima da ustraju. Pitanja je postavljala moderatorica <strong>Andreja Rosandi\u0107<\/strong> iz EVPA (European Venture Philantropy Association), a bilo je i mnogo pitanja iz publike.<\/p>\n\n\n\n<figure class=\"wp-block-image size-large\"><img decoding=\"async\" width=\"1024\" height=\"1024\" src=\"https:\/\/act-grupa.hr\/web\/wp-content\/uploads\/2023\/05\/348616974_243128024995813_3812269682031612175_n-1024x1024.jpg\" alt=\"Impact x20\" class=\"wp-image-3082\" srcset=\"https:\/\/act-grupa.hr\/web\/wp-content\/uploads\/2023\/05\/348616974_243128024995813_3812269682031612175_n-1024x1024.jpg 1024w, https:\/\/act-grupa.hr\/web\/wp-content\/uploads\/2023\/05\/348616974_243128024995813_3812269682031612175_n-300x300.jpg 300w, https:\/\/act-grupa.hr\/web\/wp-content\/uploads\/2023\/05\/348616974_243128024995813_3812269682031612175_n-150x150.jpg 150w, https:\/\/act-grupa.hr\/web\/wp-content\/uploads\/2023\/05\/348616974_243128024995813_3812269682031612175_n-768x768.jpg 768w, https:\/\/act-grupa.hr\/web\/wp-content\/uploads\/2023\/05\/348616974_243128024995813_3812269682031612175_n-12x12.jpg 12w, https:\/\/act-grupa.hr\/web\/wp-content\/uploads\/2023\/05\/348616974_243128024995813_3812269682031612175_n.jpg 1440w\" sizes=\"(max-width: 1024px) 100vw, 1024px\" \/><\/figure>\n\n\n\n<p><strong>Mirjana Mate\u0161i\u0107<\/strong>, direktorica <em>HR PSOR<\/em> (Hrvatski poslovni savjet za odr\u017eivi razvoj), moderirala je panel <strong>Partnerstvom do pozitivne vrijednosti za dru\u0161tvo<\/strong>. Na ovom panelu su s nama podijelile svoje principe i primjere odli\u010dne prakse rada predstavnici tvrtki koje su \u0161ampioni odr\u017eivog poslovanja u RH. Na panelu su sudjelovale <strong>Antonija Lon\u010dar<\/strong>, direktorica Marketinga, komunikacija i CSR tvrtke <em>Ericsson Nikola Tesla d.d.,<\/em> <strong>Deana Stipanovi\u0107<\/strong> voditeljica korporativnih poslova u Valamar Riviera d.d. te <strong>Barbara Ilija\u0161 Jurani\u0107<\/strong>, predstavnica uprave za upravljanje sustavima tvrtke Sato d.o.o. Na panelu je adresirana va\u017ena tema ja\u010danja malog lokalnog i dru\u0161tvenog poduzetni\u0161tva kako bi isti bili dorasli za nabavu od velikih poduze\u0107a i korporacija. Sve tri tvrtke uzori su upravo u nabavi od dru\u0161tvenih poduze\u0107a.&nbsp;<\/p>\n\n\n\n<figure class=\"wp-block-image size-large\"><img loading=\"lazy\" decoding=\"async\" width=\"1024\" height=\"1024\" src=\"https:\/\/act-grupa.hr\/web\/wp-content\/uploads\/2023\/05\/347813571_569081511978459_6278924827715677075_n-1024x1024.jpg\" alt=\"Impact x20\" class=\"wp-image-3081\" srcset=\"https:\/\/act-grupa.hr\/web\/wp-content\/uploads\/2023\/05\/347813571_569081511978459_6278924827715677075_n-1024x1024.jpg 1024w, https:\/\/act-grupa.hr\/web\/wp-content\/uploads\/2023\/05\/347813571_569081511978459_6278924827715677075_n-300x300.jpg 300w, https:\/\/act-grupa.hr\/web\/wp-content\/uploads\/2023\/05\/347813571_569081511978459_6278924827715677075_n-150x150.jpg 150w, https:\/\/act-grupa.hr\/web\/wp-content\/uploads\/2023\/05\/347813571_569081511978459_6278924827715677075_n-768x768.jpg 768w, https:\/\/act-grupa.hr\/web\/wp-content\/uploads\/2023\/05\/347813571_569081511978459_6278924827715677075_n-12x12.jpg 12w, https:\/\/act-grupa.hr\/web\/wp-content\/uploads\/2023\/05\/347813571_569081511978459_6278924827715677075_n.jpg 1440w\" sizes=\"(max-width: 1024px) 100vw, 1024px\" \/><\/figure>\n\n\n\n<p>Poslije pauze za ru\u010dak krenuo je panel <strong>Sadr\u017eajem i komunikacijom pove\u0107avamo impact<\/strong> kojeg je moderirala <strong>Ana Brigovi\u0107<\/strong> iz ACT Grupe. Na panelu je <strong>Mathias Haas<\/strong>, osniva\u010d SuperSocial Marketing i Media Agency dao vrijedne poduke kako komunicirati za ve\u0107i impact i bolji sadr\u017eaj.&nbsp; Zahvaljuju\u0107i svome iskustvu osnivanja i rada u agenciji posve\u0107enoj upravo klijentima koji su impact poduze\u0107a ili neprofitne organizacije. <strong>\u0110uro Gavran<\/strong>, autor i redatelj serijala <em>Dobra ekonomija<\/em>, koji je upravo zavr\u0161io svoje emitiranje na HRT, doprinio je raspravi s jedinstvenim uvidom u komunikacije prema \u0161irokim masama kakve donosi emitiranje na HRT. Iznio je i inovativni primjer prikazivanja filma o zlostavljanju djece <em>Jedna od nas<\/em>&nbsp; koji je uklju\u010dio popratnu interaktivnu sesiju&nbsp; pitanja i odgovora sa psihologom. U primjerima odli\u010dnih digitalnih komunikacija za pozitivan dru\u0161tveni utjecaj na panelu su se istaknuli poduzetnica <strong>Dora Marini\u0107<\/strong>, osniva\u010dica i direktorica tvrtke <em>Sinapsus<\/em> specijalizirane za rani razvoj djece te <strong>Marko Kozjak<\/strong>, direktor i osniva\u010d tvrtke VeeMee koja se bavi logistikom prehrambenih prozivoda. Dora Marini\u0107, uz direktan rad s djecom u svojoj&nbsp; tvrtki, posvetila je svoje poslovanje osna\u017eivanju drugih rehabilitatora i stru\u010dnjaka za rani razvoj djece, pa je tako svojim edukacijama, besplatnim webinarima i online te\u010dajevima oja\u010dala \u010dak 7000 pru\u017eatelja ove specifi\u010dne socijalne usluge. VeeMee uz rje\u0161enja za logistiku i distribuciju ima i vlastitu neutralnu oznaku sljedivosti koja omogu\u0107ava kupcu da \u2018zna \u0161to jede\u2019. Za sve male proizvo\u0111a\u010de koji se odva\u017ee biti klijent VeeMee oznake sljedivosti ova tvrtka radi sadr\u017eaj i vidljivost kroz \u010dlanke i objave na dru\u0161tvenim medijima, te im otvara profil na e-tr\u017enici.&nbsp;<\/p>\n\n\n\n<figure class=\"wp-block-image size-large\"><img loading=\"lazy\" decoding=\"async\" width=\"1024\" height=\"1024\" src=\"https:\/\/act-grupa.hr\/web\/wp-content\/uploads\/2023\/05\/348254187_3518576538430485_476839602285749589_n-1024x1024.jpg\" alt=\"Impact x20\" class=\"wp-image-3080\" srcset=\"https:\/\/act-grupa.hr\/web\/wp-content\/uploads\/2023\/05\/348254187_3518576538430485_476839602285749589_n-1024x1024.jpg 1024w, https:\/\/act-grupa.hr\/web\/wp-content\/uploads\/2023\/05\/348254187_3518576538430485_476839602285749589_n-300x300.jpg 300w, https:\/\/act-grupa.hr\/web\/wp-content\/uploads\/2023\/05\/348254187_3518576538430485_476839602285749589_n-150x150.jpg 150w, https:\/\/act-grupa.hr\/web\/wp-content\/uploads\/2023\/05\/348254187_3518576538430485_476839602285749589_n-768x768.jpg 768w, https:\/\/act-grupa.hr\/web\/wp-content\/uploads\/2023\/05\/348254187_3518576538430485_476839602285749589_n-12x12.jpg 12w, https:\/\/act-grupa.hr\/web\/wp-content\/uploads\/2023\/05\/348254187_3518576538430485_476839602285749589_n.jpg 1440w\" sizes=\"(max-width: 1024px) 100vw, 1024px\" \/><\/figure>\n\n\n\n<p>Posljednji panel bio je posve\u0107en programu podr\u0161ke poduzetnicima <strong>Pokreni ne\u0161to svoje<\/strong>. Ve\u0107 sedmu godinu zaredom, kroz program \u201ePokreni ne\u0161to svoje\u201c,&nbsp; ACT Grupa i Philip Morris Zagreb daju sna\u017enu podr\u0161ku hrvatskim mikropoduzetnicima i poduzetnicima koji su svoj rad usmjerili u dru\u0161tveno korisne projekte. Od po\u010detka natje\u010daja 48 hrvatskih poduzetnika sufinancirano je s vi\u0161e od 655.000 EUR. Na panelu su svoje poduzetni\u010dko iskustvo te kako im je sudjelovanje u podr\u0161ci i \u0161to su od podr\u0161ke do danas postigli podijelili: <strong>Zoran Kordi\u0107<\/strong>, upravitelj Zelene energetske zadruge, <strong>Slavica Farka\u0161<\/strong>, osniva\u010dica i direktorica poduze\u0107a Pixing te <strong>Maja Lazi\u0107<\/strong>, direktorica poduze\u0107a Organica vita. Kroz panel nas je vodila <strong>Dijana Najjar Ra\u0161kaj<\/strong>, voditeljica korporativnih komunikacija <em>Philip Morris International<\/em> te koordinatorica programa Pokreni ne\u0161to svoje.&nbsp;<\/p>\n\n\n\n<blockquote class=\"wp-block-quote is-layout-flow wp-block-quote-is-layout-flow\">\n<p>\u2018\u2019Za nas je ovo bio prekrasan dan pun topline i radosti s kojim smo vjerujem uspje\u0161no prikazali \u0161irinu podru\u010dja rada ACT Grupe koja je posve\u0107ena izgradnji impact ekosustava u Hrvatskoj ve\u0107 evo dva desetlje\u0107a. Poruka i moto konferencije je da impact sada napravimo jo\u0161 20 puta ve\u0107im u nadolaze\u0107im godina poslovanja!\u2019\u2019 izjavila je Ana Brigovi\u0107, \u010dlanica upravnog odbora ACT Grupe. \u2018\u2019Beskrajno smo zahvalni svim sudionicima \u0161to su nas podr\u017eali svojim sudjelovanjem kao i partnerima konferencije bez koji ovaj divan dan ne bi bilo mogu\u0107e ostvariti: Philip Morris International, HR PSOR, PwC Hrvatska, Wyg savjetovanje, Adizes SEE.\u2019\u2019&nbsp;<\/p>\n<\/blockquote>","protected":false},"excerpt":{"rendered":"<p>20 godina djelovanja ACT Grupe obilje\u017eeno je konferencijom IMPACTx20 odr\u017eanoj 19. 5. 2023. u Zagrebu, u sklopu LEAP Summit.<\/p>","protected":false},"author":4,"featured_media":3079,"comment_status":"open","ping_status":"open","sticky":false,"template":"","format":"standard","meta":{"site-sidebar-layout":"default","site-content-layout":null,"ast-site-content-layout":"default","site-content-style":"default","site-sidebar-style":"default","ast-global-header-display":"","ast-banner-title-visibility":"","ast-main-header-display":"","ast-hfb-above-header-display":"","ast-hfb-below-header-display":null,"ast-hfb-mobile-header-display":"","site-post-title":"","ast-breadcrumbs-content":null,"ast-featured-img":"","footer-sml-layout":"","ast-disable-related-posts":"","theme-transparent-header-meta":"","adv-header-id-meta":"","stick-header-meta":"","header-above-stick-meta":"","header-main-stick-meta":"","header-below-stick-meta":null,"astra-migrate-meta-layouts":"default","ast-page-background-enabled":"default","ast-page-background-meta":{"desktop":{"background-color":"","background-image":"","background-repeat":"repeat","background-position":"center center","background-size":"auto","background-attachment":"scroll","background-type":"","background-media":"","overlay-type":"","overlay-color":"","overlay-opacity":"","overlay-gradient":""},"tablet":{"background-color":"","background-image":"","background-repeat":"repeat","background-position":"center center","background-size":"auto","background-attachment":"scroll","background-type":"","background-media":"","overlay-type":"","overlay-color":"","overlay-opacity":"","overlay-gradient":""},"mobile":{"background-color":"","background-image":"","background-repeat":"repeat","background-position":"center center","background-size":"auto","background-attachment":"scroll","background-type":"","background-media":"","overlay-type":"","overlay-color":"","overlay-opacity":"","overlay-gradient":""}},"ast-content-background-meta":{"desktop":{"background-color":"var(--ast-global-color-5)","background-image":"","background-repeat":"repeat","background-position":"center center","background-size":"auto","background-attachment":"scroll","background-type":"","background-media":"","overlay-type":"","overlay-color":"","overlay-opacity":"","overlay-gradient":""},"tablet":{"background-color":"var(--ast-global-color-5)","background-image":"","background-repeat":"repeat","background-position":"center center","background-size":"auto","background-attachment":"scroll","background-type":"","background-media":"","overlay-type":"","overlay-color":"","overlay-opacity":"","overlay-gradient":""},"mobile":{"background-color":"var(--ast-global-color-5)","background-image":"","background-repeat":"repeat","background-position":"center center","background-size":"auto","background-attachment":"scroll","background-type":"","background-media":"","overlay-type":"","overlay-color":"","overlay-opacity":"","overlay-gradient":""}},"footnotes":""},"categories":[8,13],"tags":[],"class_list":["post-3078","post","type-post","status-publish","format-standard","has-post-thumbnail","hentry","category-actovci","category-vijesti"],"yoast_head":"<!-- This site is optimized with the Yoast SEO plugin v27.4 - https:\/\/yoast.com\/product\/yoast-seo-wordpress\/ -->\n<title>Odr\u017eana Konferencija IMPACT x20\u00a0 - ACT Grupa<\/title>\n<meta name=\"description\" content=\"20 godina djelovanja ACT Grupe obilje\u017eeno je konferencijom IMPACTx20 odr\u017eanoj 19. 5. 2023. u Zagrebu, u sklopu LEAP Summit.\" \/>\n<meta name=\"robots\" content=\"index, follow, max-snippet:-1, max-image-preview:large, max-video-preview:-1\" \/>\n<link rel=\"canonical\" href=\"https:\/\/act-grupa.hr\/en\/odrzana-konferencija-impact-x20\/\" \/>\n<meta property=\"og:locale\" content=\"en_GB\" \/>\n<meta property=\"og:type\" content=\"article\" \/>\n<meta property=\"og:title\" content=\"Odr\u017eana Konferencija IMPACT x20\u00a0 - ACT Grupa\" \/>\n<meta property=\"og:description\" content=\"20 godina djelovanja ACT Grupe obilje\u017eeno je konferencijom IMPACTx20 odr\u017eanoj 19. 5. 2023. u Zagrebu, u sklopu LEAP Summit.\" \/>\n<meta property=\"og:url\" content=\"https:\/\/act-grupa.hr\/en\/odrzana-konferencija-impact-x20\/\" \/>\n<meta property=\"og:site_name\" content=\"ACT Grupa\" \/>\n<meta property=\"article:publisher\" content=\"https:\/\/www.facebook.com\/ACTGrupa\" \/>\n<meta property=\"article:published_time\" content=\"2023-05-23T09:58:03+00:00\" \/>\n<meta property=\"article:modified_time\" content=\"2025-01-08T14:16:56+00:00\" \/>\n<meta property=\"og:image\" content=\"https:\/\/act-grupa.hr\/web\/wp-content\/uploads\/2023\/05\/348457683_1252039429034621_4815035816840860557_n.jpg\" \/>\n\t<meta property=\"og:image:width\" content=\"1440\" \/>\n\t<meta property=\"og:image:height\" content=\"1440\" \/>\n\t<meta property=\"og:image:type\" content=\"image\/jpeg\" \/>\n<meta name=\"author\" content=\"Ana Brigovi\u0107\" \/>\n<meta name=\"twitter:card\" content=\"summary_large_image\" \/>\n<meta name=\"twitter:label1\" content=\"Written by\" \/>\n\t<meta name=\"twitter:data1\" content=\"Ana Brigovi\u0107\" \/>\n\t<meta name=\"twitter:label2\" content=\"Estimated reading time\" \/>\n\t<meta name=\"twitter:data2\" content=\"5 minutes\" \/>\n<script type=\"application\/ld+json\" class=\"yoast-schema-graph\">{\"@context\":\"https:\\\/\\\/schema.org\",\"@graph\":[{\"@type\":\"Article\",\"@id\":\"https:\\\/\\\/act-grupa.hr\\\/odrzana-konferencija-impact-x20\\\/#article\",\"isPartOf\":{\"@id\":\"https:\\\/\\\/act-grupa.hr\\\/odrzana-konferencija-impact-x20\\\/\"},\"author\":{\"name\":\"Ana Brigovi\u0107\",\"@id\":\"https:\\\/\\\/act-grupa.hr\\\/#\\\/schema\\\/person\\\/8d2def9f0007a57de4918be8ea0f44b4\"},\"headline\":\"Odr\u017eana Konferencija IMPACT x20\u00a0\",\"datePublished\":\"2023-05-23T09:58:03+00:00\",\"dateModified\":\"2025-01-08T14:16:56+00:00\",\"mainEntityOfPage\":{\"@id\":\"https:\\\/\\\/act-grupa.hr\\\/odrzana-konferencija-impact-x20\\\/\"},\"wordCount\":1090,\"commentCount\":0,\"publisher\":{\"@id\":\"https:\\\/\\\/act-grupa.hr\\\/#organization\"},\"image\":{\"@id\":\"https:\\\/\\\/act-grupa.hr\\\/odrzana-konferencija-impact-x20\\\/#primaryimage\"},\"thumbnailUrl\":\"https:\\\/\\\/act-grupa.hr\\\/web\\\/wp-content\\\/uploads\\\/2023\\\/05\\\/348457683_1252039429034621_4815035816840860557_n.jpg\",\"articleSection\":[\"Actovci\",\"Vijesti\"],\"inLanguage\":\"en-GB\",\"potentialAction\":[{\"@type\":\"CommentAction\",\"name\":\"Comment\",\"target\":[\"https:\\\/\\\/act-grupa.hr\\\/odrzana-konferencija-impact-x20\\\/#respond\"]}]},{\"@type\":\"WebPage\",\"@id\":\"https:\\\/\\\/act-grupa.hr\\\/odrzana-konferencija-impact-x20\\\/\",\"url\":\"https:\\\/\\\/act-grupa.hr\\\/odrzana-konferencija-impact-x20\\\/\",\"name\":\"Odr\u017eana Konferencija IMPACT x20\u00a0 - ACT Grupa\",\"isPartOf\":{\"@id\":\"https:\\\/\\\/act-grupa.hr\\\/#website\"},\"primaryImageOfPage\":{\"@id\":\"https:\\\/\\\/act-grupa.hr\\\/odrzana-konferencija-impact-x20\\\/#primaryimage\"},\"image\":{\"@id\":\"https:\\\/\\\/act-grupa.hr\\\/odrzana-konferencija-impact-x20\\\/#primaryimage\"},\"thumbnailUrl\":\"https:\\\/\\\/act-grupa.hr\\\/web\\\/wp-content\\\/uploads\\\/2023\\\/05\\\/348457683_1252039429034621_4815035816840860557_n.jpg\",\"datePublished\":\"2023-05-23T09:58:03+00:00\",\"dateModified\":\"2025-01-08T14:16:56+00:00\",\"description\":\"20 godina djelovanja ACT Grupe obilje\u017eeno je konferencijom IMPACTx20 odr\u017eanoj 19. 5. 2023. u Zagrebu, u sklopu LEAP Summit.\",\"breadcrumb\":{\"@id\":\"https:\\\/\\\/act-grupa.hr\\\/odrzana-konferencija-impact-x20\\\/#breadcrumb\"},\"inLanguage\":\"en-GB\",\"potentialAction\":[{\"@type\":\"ReadAction\",\"target\":[\"https:\\\/\\\/act-grupa.hr\\\/odrzana-konferencija-impact-x20\\\/\"]}]},{\"@type\":\"ImageObject\",\"inLanguage\":\"en-GB\",\"@id\":\"https:\\\/\\\/act-grupa.hr\\\/odrzana-konferencija-impact-x20\\\/#primaryimage\",\"url\":\"https:\\\/\\\/act-grupa.hr\\\/web\\\/wp-content\\\/uploads\\\/2023\\\/05\\\/348457683_1252039429034621_4815035816840860557_n.jpg\",\"contentUrl\":\"https:\\\/\\\/act-grupa.hr\\\/web\\\/wp-content\\\/uploads\\\/2023\\\/05\\\/348457683_1252039429034621_4815035816840860557_n.jpg\",\"width\":1440,\"height\":1440,\"caption\":\"Impact x20\"},{\"@type\":\"BreadcrumbList\",\"@id\":\"https:\\\/\\\/act-grupa.hr\\\/odrzana-konferencija-impact-x20\\\/#breadcrumb\",\"itemListElement\":[{\"@type\":\"ListItem\",\"position\":1,\"name\":\"Home\",\"item\":\"https:\\\/\\\/act-grupa.hr\\\/\"},{\"@type\":\"ListItem\",\"position\":2,\"name\":\"Odr\u017eana Konferencija IMPACT x20\u00a0\"}]},{\"@type\":\"WebSite\",\"@id\":\"https:\\\/\\\/act-grupa.hr\\\/#website\",\"url\":\"https:\\\/\\\/act-grupa.hr\\\/\",\"name\":\"ACT Grupa\",\"description\":\"Dobri za posao. Dobri za dru\u0161tvo.\",\"publisher\":{\"@id\":\"https:\\\/\\\/act-grupa.hr\\\/#organization\"},\"potentialAction\":[{\"@type\":\"SearchAction\",\"target\":{\"@type\":\"EntryPoint\",\"urlTemplate\":\"https:\\\/\\\/act-grupa.hr\\\/?s={search_term_string}\"},\"query-input\":{\"@type\":\"PropertyValueSpecification\",\"valueRequired\":true,\"valueName\":\"search_term_string\"}}],\"inLanguage\":\"en-GB\"},{\"@type\":\"Organization\",\"@id\":\"https:\\\/\\\/act-grupa.hr\\\/#organization\",\"name\":\"ACT Grupa\",\"url\":\"https:\\\/\\\/act-grupa.hr\\\/\",\"logo\":{\"@type\":\"ImageObject\",\"inLanguage\":\"en-GB\",\"@id\":\"https:\\\/\\\/act-grupa.hr\\\/#\\\/schema\\\/logo\\\/image\\\/\",\"url\":\"https:\\\/\\\/act-grupa.hr\\\/web\\\/wp-content\\\/uploads\\\/2026\\\/01\\\/AG_logo_transparent-scaled.png\",\"contentUrl\":\"https:\\\/\\\/act-grupa.hr\\\/web\\\/wp-content\\\/uploads\\\/2026\\\/01\\\/AG_logo_transparent-scaled.png\",\"width\":2560,\"height\":834,\"caption\":\"ACT Grupa\"},\"image\":{\"@id\":\"https:\\\/\\\/act-grupa.hr\\\/#\\\/schema\\\/logo\\\/image\\\/\"},\"sameAs\":[\"https:\\\/\\\/www.facebook.com\\\/ACTGrupa\",\"https:\\\/\\\/www.instagram.com\\\/actgrupa\\\/\",\"https:\\\/\\\/www.youtube.com\\\/@actgrupa\",\"https:\\\/\\\/www.linkedin.com\\\/company\\\/act-grupa\"]},{\"@type\":\"Person\",\"@id\":\"https:\\\/\\\/act-grupa.hr\\\/#\\\/schema\\\/person\\\/8d2def9f0007a57de4918be8ea0f44b4\",\"name\":\"Ana Brigovi\u0107\",\"image\":{\"@type\":\"ImageObject\",\"inLanguage\":\"en-GB\",\"@id\":\"https:\\\/\\\/secure.gravatar.com\\\/avatar\\\/4195054f6f5400c8a159a5f14c9ec15154cc115b63e2a9acd898c0a90882b4ea?s=96&d=mm&r=g\",\"url\":\"https:\\\/\\\/secure.gravatar.com\\\/avatar\\\/4195054f6f5400c8a159a5f14c9ec15154cc115b63e2a9acd898c0a90882b4ea?s=96&d=mm&r=g\",\"contentUrl\":\"https:\\\/\\\/secure.gravatar.com\\\/avatar\\\/4195054f6f5400c8a159a5f14c9ec15154cc115b63e2a9acd898c0a90882b4ea?s=96&d=mm&r=g\",\"caption\":\"Ana Brigovi\u0107\"},\"url\":\"https:\\\/\\\/act-grupa.hr\\\/en\\\/author\\\/ana-brigovic\\\/\"}]}<\/script>\n<!-- \/ Yoast SEO plugin. -->","yoast_head_json":{"title":"Odr\u017eana Konferencija IMPACT x20\u00a0 - ACT Grupa","description":"20 godina djelovanja ACT Grupe obilje\u017eeno je konferencijom IMPACTx20 odr\u017eanoj 19. 5. 2023. u Zagrebu, u sklopu LEAP Summit.","robots":{"index":"index","follow":"follow","max-snippet":"max-snippet:-1","max-image-preview":"max-image-preview:large","max-video-preview":"max-video-preview:-1"},"canonical":"https:\/\/act-grupa.hr\/en\/odrzana-konferencija-impact-x20\/","og_locale":"en_GB","og_type":"article","og_title":"Odr\u017eana Konferencija IMPACT x20\u00a0 - ACT Grupa","og_description":"20 godina djelovanja ACT Grupe obilje\u017eeno je konferencijom IMPACTx20 odr\u017eanoj 19. 5. 2023. u Zagrebu, u sklopu LEAP Summit.","og_url":"https:\/\/act-grupa.hr\/en\/odrzana-konferencija-impact-x20\/","og_site_name":"ACT Grupa","article_publisher":"https:\/\/www.facebook.com\/ACTGrupa","article_published_time":"2023-05-23T09:58:03+00:00","article_modified_time":"2025-01-08T14:16:56+00:00","og_image":[{"width":1440,"height":1440,"url":"https:\/\/act-grupa.hr\/web\/wp-content\/uploads\/2023\/05\/348457683_1252039429034621_4815035816840860557_n.jpg","type":"image\/jpeg"}],"author":"Ana Brigovi\u0107","twitter_card":"summary_large_image","twitter_misc":{"Written by":"Ana Brigovi\u0107","Estimated reading time":"5 minutes"},"schema":{"@context":"https:\/\/schema.org","@graph":[{"@type":"Article","@id":"https:\/\/act-grupa.hr\/odrzana-konferencija-impact-x20\/#article","isPartOf":{"@id":"https:\/\/act-grupa.hr\/odrzana-konferencija-impact-x20\/"},"author":{"name":"Ana Brigovi\u0107","@id":"https:\/\/act-grupa.hr\/#\/schema\/person\/8d2def9f0007a57de4918be8ea0f44b4"},"headline":"Odr\u017eana Konferencija IMPACT x20\u00a0","datePublished":"2023-05-23T09:58:03+00:00","dateModified":"2025-01-08T14:16:56+00:00","mainEntityOfPage":{"@id":"https:\/\/act-grupa.hr\/odrzana-konferencija-impact-x20\/"},"wordCount":1090,"commentCount":0,"publisher":{"@id":"https:\/\/act-grupa.hr\/#organization"},"image":{"@id":"https:\/\/act-grupa.hr\/odrzana-konferencija-impact-x20\/#primaryimage"},"thumbnailUrl":"https:\/\/act-grupa.hr\/web\/wp-content\/uploads\/2023\/05\/348457683_1252039429034621_4815035816840860557_n.jpg","articleSection":["Actovci","Vijesti"],"inLanguage":"en-GB","potentialAction":[{"@type":"CommentAction","name":"Comment","target":["https:\/\/act-grupa.hr\/odrzana-konferencija-impact-x20\/#respond"]}]},{"@type":"WebPage","@id":"https:\/\/act-grupa.hr\/odrzana-konferencija-impact-x20\/","url":"https:\/\/act-grupa.hr\/odrzana-konferencija-impact-x20\/","name":"Odr\u017eana Konferencija IMPACT x20\u00a0 - ACT Grupa","isPartOf":{"@id":"https:\/\/act-grupa.hr\/#website"},"primaryImageOfPage":{"@id":"https:\/\/act-grupa.hr\/odrzana-konferencija-impact-x20\/#primaryimage"},"image":{"@id":"https:\/\/act-grupa.hr\/odrzana-konferencija-impact-x20\/#primaryimage"},"thumbnailUrl":"https:\/\/act-grupa.hr\/web\/wp-content\/uploads\/2023\/05\/348457683_1252039429034621_4815035816840860557_n.jpg","datePublished":"2023-05-23T09:58:03+00:00","dateModified":"2025-01-08T14:16:56+00:00","description":"20 godina djelovanja ACT Grupe obilje\u017eeno je konferencijom IMPACTx20 odr\u017eanoj 19. 5. 2023. u Zagrebu, u sklopu LEAP Summit.","breadcrumb":{"@id":"https:\/\/act-grupa.hr\/odrzana-konferencija-impact-x20\/#breadcrumb"},"inLanguage":"en-GB","potentialAction":[{"@type":"ReadAction","target":["https:\/\/act-grupa.hr\/odrzana-konferencija-impact-x20\/"]}]},{"@type":"ImageObject","inLanguage":"en-GB","@id":"https:\/\/act-grupa.hr\/odrzana-konferencija-impact-x20\/#primaryimage","url":"https:\/\/act-grupa.hr\/web\/wp-content\/uploads\/2023\/05\/348457683_1252039429034621_4815035816840860557_n.jpg","contentUrl":"https:\/\/act-grupa.hr\/web\/wp-content\/uploads\/2023\/05\/348457683_1252039429034621_4815035816840860557_n.jpg","width":1440,"height":1440,"caption":"Impact x20"},{"@type":"BreadcrumbList","@id":"https:\/\/act-grupa.hr\/odrzana-konferencija-impact-x20\/#breadcrumb","itemListElement":[{"@type":"ListItem","position":1,"name":"Home","item":"https:\/\/act-grupa.hr\/"},{"@type":"ListItem","position":2,"name":"Odr\u017eana Konferencija IMPACT x20\u00a0"}]},{"@type":"WebSite","@id":"https:\/\/act-grupa.hr\/#website","url":"https:\/\/act-grupa.hr\/","name":"ACT Grupa","description":"Dobri za posao. Dobri za dru\u0161tvo.","publisher":{"@id":"https:\/\/act-grupa.hr\/#organization"},"potentialAction":[{"@type":"SearchAction","target":{"@type":"EntryPoint","urlTemplate":"https:\/\/act-grupa.hr\/?s={search_term_string}"},"query-input":{"@type":"PropertyValueSpecification","valueRequired":true,"valueName":"search_term_string"}}],"inLanguage":"en-GB"},{"@type":"Organization","@id":"https:\/\/act-grupa.hr\/#organization","name":"ACT Grupa","url":"https:\/\/act-grupa.hr\/","logo":{"@type":"ImageObject","inLanguage":"en-GB","@id":"https:\/\/act-grupa.hr\/#\/schema\/logo\/image\/","url":"https:\/\/act-grupa.hr\/web\/wp-content\/uploads\/2026\/01\/AG_logo_transparent-scaled.png","contentUrl":"https:\/\/act-grupa.hr\/web\/wp-content\/uploads\/2026\/01\/AG_logo_transparent-scaled.png","width":2560,"height":834,"caption":"ACT Grupa"},"image":{"@id":"https:\/\/act-grupa.hr\/#\/schema\/logo\/image\/"},"sameAs":["https:\/\/www.facebook.com\/ACTGrupa","https:\/\/www.instagram.com\/actgrupa\/","https:\/\/www.youtube.com\/@actgrupa","https:\/\/www.linkedin.com\/company\/act-grupa"]},{"@type":"Person","@id":"https:\/\/act-grupa.hr\/#\/schema\/person\/8d2def9f0007a57de4918be8ea0f44b4","name":"Ana Brigovi\u0107","image":{"@type":"ImageObject","inLanguage":"en-GB","@id":"https:\/\/secure.gravatar.com\/avatar\/4195054f6f5400c8a159a5f14c9ec15154cc115b63e2a9acd898c0a90882b4ea?s=96&d=mm&r=g","url":"https:\/\/secure.gravatar.com\/avatar\/4195054f6f5400c8a159a5f14c9ec15154cc115b63e2a9acd898c0a90882b4ea?s=96&d=mm&r=g","contentUrl":"https:\/\/secure.gravatar.com\/avatar\/4195054f6f5400c8a159a5f14c9ec15154cc115b63e2a9acd898c0a90882b4ea?s=96&d=mm&r=g","caption":"Ana Brigovi\u0107"},"url":"https:\/\/act-grupa.hr\/en\/author\/ana-brigovic\/"}]}},"_links":{"self":[{"href":"https:\/\/act-grupa.hr\/en\/wp-json\/wp\/v2\/posts\/3078","targetHints":{"allow":["GET"]}}],"collection":[{"href":"https:\/\/act-grupa.hr\/en\/wp-json\/wp\/v2\/posts"}],"about":[{"href":"https:\/\/act-grupa.hr\/en\/wp-json\/wp\/v2\/types\/post"}],"author":[{"embeddable":true,"href":"https:\/\/act-grupa.hr\/en\/wp-json\/wp\/v2\/users\/4"}],"replies":[{"embeddable":true,"href":"https:\/\/act-grupa.hr\/en\/wp-json\/wp\/v2\/comments?post=3078"}],"version-history":[{"count":1,"href":"https:\/\/act-grupa.hr\/en\/wp-json\/wp\/v2\/posts\/3078\/revisions"}],"predecessor-version":[{"id":3085,"href":"https:\/\/act-grupa.hr\/en\/wp-json\/wp\/v2\/posts\/3078\/revisions\/3085"}],"wp:featuredmedia":[{"embeddable":true,"href":"https:\/\/act-grupa.hr\/en\/wp-json\/wp\/v2\/media\/3079"}],"wp:attachment":[{"href":"https:\/\/act-grupa.hr\/en\/wp-json\/wp\/v2\/media?parent=3078"}],"wp:term":[{"taxonomy":"category","embeddable":true,"href":"https:\/\/act-grupa.hr\/en\/wp-json\/wp\/v2\/categories?post=3078"},{"taxonomy":"post_tag","embeddable":true,"href":"https:\/\/act-grupa.hr\/en\/wp-json\/wp\/v2\/tags?post=3078"}],"curies":[{"name":"wp","href":"https:\/\/api.w.org\/{rel}","templated":true}]}}