{"id":3696,"date":"2024-11-04T14:33:02","date_gmt":"2024-11-04T14:33:02","guid":{"rendered":"https:\/\/act-grupa.hr\/?p=3696"},"modified":"2025-01-08T14:16:56","modified_gmt":"2025-01-08T14:16:56","slug":"budi-dio-trenda-kupuj-od-impact-brenda","status":"publish","type":"post","link":"https:\/\/act-grupa.hr\/en\/budi-dio-trenda-kupuj-od-impact-brenda\/","title":{"rendered":"Budi dio trenda &#8211; kupuj od impact brenda!"},"content":{"rendered":"<h2 class=\"wp-block-heading\"><strong>Kako kupovati dru\u0161tveno odgovorno i koji nam proizvodi u Hrvatskoj to nude<\/strong><\/h2>\n\n\n\n<p>U svijetu gdje potro\u0161a\u010dke navike sve vi\u0161e reflektiraju dru\u0161tvene i ekolo\u0161ke stavove, Generacija Z predvodi novi val kupovine od <strong>impact poduze\u0107a<\/strong> \u2013 tvrtki koje za svoju osnovnu svrhu nemaju samo profit, ve\u0107 rje\u0161avanje dru\u0161tvenih i ekolo\u0161kih problema, kroz vlastiti pozitivan utjecaj proizvodnje, poslovanja, nabave i lanca vrijednosti.<\/p>\n\n\n\n<p>Kada govorimo o proizvodima, \u010desto se fokusiramo na cijenu, izgled i kvalitetu. No, postavljamo li prava pitanja o tome tko je proizveo taj proizvod i pod kojim uvjetima? Znamo li odakle dolaze materijali, koliko su ekolo\u0161ki \u010disti, eti\u010dni te kakav je utjecaj njihove proizvodnje na okoli\u0161? Razmi\u0161ljamo li o tome gdje je proizvod izra\u0111en, koliko je pre\u0161ao da bi stigao do nas i od kojih je materijala izra\u0111eno njegovo pakiranje? Svaka na\u0161a kupnja podr\u017eava cijeli lanac vrijednosti \u2013 od zaposlenika i radnih uvjeta do kori\u0161tenih materijala i ekolo\u0161kog otiska proizvodnje.<\/p>\n\n\n\n<h2 class=\"wp-block-heading\"><strong>\u0160to su dru\u0161tvena poduze\u0107a i za\u0161to su va\u017ena?<\/strong><\/h2>\n\n\n\n<p>Dru\u0161tvena poduze\u0107a, ili kako ih mi u ACT Grupi volimo zvati &#8211; <strong><em>impact poduze\u0107a<\/em><\/strong>, su poduze\u0107a koja preuzimaju odgovornost nad vlastitim utjecajem na dru\u0161tvo i okoli\u0161, te istim \u017eele upravljati kao i dugoro\u010dno stvarati pozitivnu promjenu. Oni poduzetnici koji uz profit ciljaju jo\u0161 jedan povrat \u2013 dobro za dru\u0161tvo ili okoli\u0161, su impact poduzetnici. Kroz svoje proizvode, ova poduze\u0107a stvaraju prilike za ranjive i marginalizirane dru\u0161tvene skupine, poput osoba s invaliditetom, starijih gra\u0111ana i onih koji se oporavljaju od nasilja ili ovisnosti\u200b. <strong>Kupnjom njihovih proizvoda, ne samo da dobivate visoko kvalitetne predmete, ve\u0107 podr\u017eavate cijeli eko-sustav dru\u0161tveno odgovornog poslovanja i dru\u0161tvenog poduzetni\u0161tva <\/strong>koji uklju\u010duje odr\u017eivu proizvodnju, eti\u010dne radne uvjete, smanjenje otpada i ekolo\u0161ki prihvatljive materijale.<\/p>\n\n\n\n<h2 class=\"wp-block-heading\"><strong>Generacija Z i promjena potro\u0161a\u010dkih navika: novi trend na tr\u017ei\u0161tu<\/strong><\/h2>\n\n\n\n<p><strong>Milenijalci i generacija Z<\/strong> odrastaju s dubljom svije\u0161\u0107u o dru\u0161tvenim i okoli\u0161nim problemima. <strong>Oni obra\u0107aju pa\u017enju na dru\u0161tvenu odgovornost poduze\u0107a prije nego \u0161to kupuju. <\/strong>Ova generacija preferira <strong>impact brendove<\/strong> \u2013 poduze\u0107a koja transparentno posluju i usmjereni su na odr\u017eivost.<\/p>\n\n\n\n<p>Mla\u0111e generacije kupaca sve \u010de\u0161\u0107e postavljaju pitanja: Tko je proizveo ovaj proizvod? Pod kojim uvjetima? Kakav je njegov ekolo\u0161ki otisak?, fokusiraju\u0107i se na dru\u0161tvenu pravdu i klimatske promjene. Kao \u0161to su spremni prihvatiti manju pla\u0107u kako bi radili za tvrtku koja je svjesna dru\u0161tvene odgovornosti, milenijalci i generacija Z skloni su ulo\u017eiti dodatni trud kako bi prona\u0161li brend s pravim vrijednostima, \u010dak i ako to zna\u010di da \u0107e potro\u0161iti vi\u0161e. Godine 2015., Nielsen je proveo istra\u017eivanje na 30.000 potro\u0161a\u010da u 60 zemalja diljem svijeta kako bi otkrio \u0161to utje\u010de na to kako ljudi percipiraju brendove i kako to utje\u010de na njihove potro\u0161a\u010dke navike. Rezultati su pokazali da je <strong>66% globalnih potro\u0161a\u010da spremno platiti vi\u0161e za odr\u017eive proizvode<\/strong>. <strong>73% milenijalaca<\/strong> izjavilo je da su spremni platiti vi\u0161e za odr\u017eive proizvode \u2013 to su gotovo tri od \u010detiri osobe. Odrastanje u jednom od najte\u017eih gospodarskih razdoblja u novijoj povijesti ne \u010dini se da utje\u010de na spremnost ove generacije da plati vi\u0161e za odgovorne brendove. Za mnoge milenijalce, odr\u017eivost nije samo &#8220;po\u017eeljna&#8221;, ve\u0107 primarni razlog za kupnju ili izbjegavanje nekog proizvoda.<\/p>\n\n\n\n<p>Budu\u0107i da milenijalci i generacija Z \u010dine najve\u0107i dio potro\u0161a\u010da na svijetu, nije naodmet ove podatke uzeti u obzir te se okrenuti dru\u0161tvenoj odgovornosti i pozitivnom utjecaju. <strong>Na ovaj na\u010din, kupovina postaje svjestan \u010din, gdje se novac usmjerava prema onima koji doprinose boljitku dru\u0161tva\u200b<\/strong><\/p>\n\n\n\n<figure class=\"wp-block-image aligncenter size-full\"><img fetchpriority=\"high\" decoding=\"async\" width=\"392\" height=\"549\" src=\"https:\/\/act-grupa.hr\/web\/wp-content\/uploads\/2024\/11\/czM6Ly9tZWRpYS1wcml2YXRlLmNhbnZhLmNvbS9hWEctby9NQUZVUi1hWEctby8xL3AuanBn.webp\" alt=\"\" class=\"wp-image-3700\" srcset=\"https:\/\/act-grupa.hr\/web\/wp-content\/uploads\/2024\/11\/czM6Ly9tZWRpYS1wcml2YXRlLmNhbnZhLmNvbS9hWEctby9NQUZVUi1hWEctby8xL3AuanBn.webp 392w, https:\/\/act-grupa.hr\/web\/wp-content\/uploads\/2024\/11\/czM6Ly9tZWRpYS1wcml2YXRlLmNhbnZhLmNvbS9hWEctby9NQUZVUi1hWEctby8xL3AuanBn-214x300.webp 214w, https:\/\/act-grupa.hr\/web\/wp-content\/uploads\/2024\/11\/czM6Ly9tZWRpYS1wcml2YXRlLmNhbnZhLmNvbS9hWEctby9NQUZVUi1hWEctby8xL3AuanBn-9x12.webp 9w\" sizes=\"(max-width: 392px) 100vw, 392px\" \/><\/figure>\n\n\n\n<h2 class=\"wp-block-heading\"><strong>Koji proizvodi su dru\u0161tveno odgovorni u Hrvatskoj i od koji dru\u0161tvenih poduze\u0107a mogu kupovati<\/strong><\/h2>\n\n\n\n<p>Pa ako pri\u010damo o dru\u0161tvenoj odgovornosti i dru\u0161tvenim poduze\u0107ima koji nisu isklju\u010divo fokusirani na profit, postoje li takvi u Hrvatskoj. ACT vam tvrdi da postoje! U nastavku prona\u0111ite&nbsp; <strong>popis dru\u0161tvenih poduze\u0107a<\/strong> u Hrvatskoj koja nude \u0161irok spektar proizvoda, od tekstila i hrane do kozmetike i dekoracija, a pritom zapo\u0161ljavaju ranjive i ugro\u017eene dru\u0161tvene skupine, paze na vlastiti otisak u dru\u0161tvu i na okoli\u0161.<\/p>\n\n\n\n<ul class=\"wp-block-list\">\n<li><strong>plodovi.hr<\/strong> \u2013 poklon paketi najfinijih delicija Slavonije<\/li>\n\n\n\n<li><strong>kolekcionart.com<\/strong> \u2013 grafike i slike mladih umjetnika<\/li>\n\n\n\n<li><strong>Humana Nova<\/strong> \u2013 proizvodi tekstilne predmete poput majica, hoodica, kuta i torbi, koriste\u0107i pamuk i reciklirani tekstil, te zapo\u0161ljavaju osobe s invaliditetom i drudge ranjive skupine.<\/li>\n\n\n\n<li><strong>UOSI Prijateljica<\/strong> \u2013 izra\u0111uju drvene dekoracije i privjeske, uklju\u010duju\u0107i bo\u017ei\u0107ne ukrase.<\/li>\n\n\n\n<li><strong>Hedona<\/strong> \u2013 proizvode \u010dokolade, praline i bombonijere, a zapo\u0161ljavaju osobe s invaliditetom.<\/li>\n\n\n\n<li><strong>Hrvatski Ki\u0161obran<\/strong> \u2013 nude ki\u0161obrane koji se mogu dizajnirati po \u017eelji, s razli\u010ditim modelima, od modnih do high-tech verzija.<\/li>\n\n\n\n<li><strong>Breza i Pontes Salutis<\/strong> \u2013 proizvode svije\u0107e razli\u010ditih boja i oblika te kerami\u010dke proizvode poput vaza, \u0161alica, plo\u010dica i bo\u017ei\u0107nih kuglica, a u izradi sudjeluju mladi bez primjerene roditeljske skrbi.&nbsp;<\/li>\n\n\n\n<li><strong>Plavi svijet<\/strong> \u2013 nudi mogu\u0107nost posvojenja dupina te simpati\u010dne poklone s likom dupina.<\/li>\n\n\n\n<li><strong>BIOM<\/strong> \u2013 prodaju ku\u0107ice i hranilice za ptice te knjige o pticama i bed\u017eeve, podr\u017eavaju\u0107i o\u010duvanje ptica.<\/li>\n\n\n\n<li><strong>Pero bio<\/strong> \u2013 proizvode prirodne kozmeti\u010dke proizvode poput gelova za tu\u0161iranje i sapuna iz linije &#8220;Pero Zero&#8221; te proizvode za \u010di\u0161\u0107nje, s ciljem smanjenja plasti\u010dnog otpada.<\/li>\n\n\n\n<li><strong>Silvan i JouJou Botanicals<\/strong> \u2013 proizvode prirodnu kozmetiku, uklju\u010duju\u0107i sapune s biorazgradivim pakiranjem i luksuzne proizvode za lice i tijelo.<\/li>\n\n\n\n<li><strong>OPG Zoltan Trojkovi\u0107<\/strong> \u2013 proizvodi maslinovo ulje od sorte lastovska Piculja, jedinstvene za otok Lastovo.<\/li>\n\n\n\n<li><strong>Odr\u017eivo dru\u0161tvo<\/strong> \u2013 izra\u0111uju rukotvorine poput ov\u010dica i kuglica, koje izra\u0111uju starije \u017eene iz Gra\u010daca.<\/li>\n\n\n\n<li><strong>JJ Wooden Art Design<\/strong> \u2013 izra\u0111uju luksuzne drvene predmete poput olovki, nakita i ukrasa od maslinovog drveta.<\/li>\n\n\n\n<li><strong>Organica Vita<\/strong> \u2013 proizvode organske namaze, ulja, \u010dajeve i proteine od ora\u0161astih plodova i sjemenki.<\/li>\n\n\n\n<li><strong>Najbolje lokalno<\/strong> \u2013 nude proizvode poput sira, kobasica, vina i meda iz zadruge me\u0111imurskih proizvo\u0111a\u010da.<\/li>\n\n\n\n<li><strong>De\u0161a Pro<\/strong> \u2013 proizvode tradicionalne dubrova\u010dke delicije poput narancina i d\u017eema od ljute naran\u010de.<\/li>\n\n\n\n<li><strong>Guuc<\/strong> \u2013 nude prirodne sokove od mandarina, nara, jabuke, cikle i mrkve.<\/li>\n\n\n\n<li><strong>Buna i Buzdovan<\/strong> \u2013 proizvode jabu\u010dno vino i jabukova\u010du, te sudjeluju u klasifikaciji starih sorti jabuka.<\/li>\n\n\n\n<li><strong>Cidranij<\/strong> \u2013 nude inovativna pi\u0107a poput kombuche, jabu\u010dnog octa, vodenog kefira i bezalkoholnog pjenu\u0161ca.<strong>Ekoteka<\/strong> \u2013 proizvode rokovnike i olovke od recikliranih materijala i otpadnog tekstila.<\/li>\n<\/ul>\n\n\n\n<p>Svako od ovih poduze\u0107a ima jedinstvene proizvode koji doprinose dru\u0161tvenom dobru i odr\u017eivom razvoju. <strong>Ova poduze\u0107a ne samo da pru\u017eaju visokokvalitetne proizvode, ve\u0107 pokazuju kako poslovanje mo\u017ee imati pozitivan utjecaj na ljude i okoli\u0161.<\/strong><\/p>\n\n\n\n<figure class=\"wp-block-image size-large\"><img decoding=\"async\" width=\"1024\" height=\"1024\" src=\"https:\/\/act-grupa.hr\/web\/wp-content\/uploads\/2024\/11\/Stranac-1024x1024.jpg\" alt=\"\" class=\"wp-image-3701\" style=\"aspect-ratio:4\/3;object-fit:cover\" srcset=\"https:\/\/act-grupa.hr\/web\/wp-content\/uploads\/2024\/11\/Stranac-1024x1024.jpg 1024w, https:\/\/act-grupa.hr\/web\/wp-content\/uploads\/2024\/11\/Stranac-300x300.jpg 300w, https:\/\/act-grupa.hr\/web\/wp-content\/uploads\/2024\/11\/Stranac-150x150.jpg 150w, https:\/\/act-grupa.hr\/web\/wp-content\/uploads\/2024\/11\/Stranac-768x768.jpg 768w, https:\/\/act-grupa.hr\/web\/wp-content\/uploads\/2024\/11\/Stranac-12x12.jpg 12w, https:\/\/act-grupa.hr\/web\/wp-content\/uploads\/2024\/11\/Stranac.jpg 1500w\" sizes=\"(max-width: 1024px) 100vw, 1024px\" \/><figcaption class=\"wp-element-caption\">kolekcionart.com<\/figcaption><\/figure>\n\n\n\n<h2 class=\"wp-block-heading\"><strong>Kupovina koja ostavlja trag!<\/strong><\/h2>\n\n\n\n<p>Svaka kupovina postaje \u010din podr\u0161ke odr\u017eivom razvoju i dru\u0161tvenoj inkluziji. Kupnja od dru\u0161tvenih poduze\u0107a nije samo na\u010din dobivanja jedinstvenih proizvoda, ve\u0107 i ulaganje u bolje sutra. Kako navodi ESEM istra\u017eivanje, suradnja izme\u0111u privatnog sektora i dru\u0161tvenih poduze\u0107a klju\u010dno je za njihov rast i \u0161irenje\u200b. Naime, sve vi\u0161e velikih poduze\u0107a uvi\u0111a vrijednost odr\u017eivog opskrbnog lanca i sklapa partnerstva s ovim impact brendovima, prepoznaju\u0107i njihovu va\u017enost za budu\u0107nost poslovanja. Podr\u017eite i vi dru\u0161tvena poduze\u0107a te ve\u0107 u sljede\u0107oj kupnji kupite njihove proizvode.<\/p>\n\n\n\n<h2 class=\"wp-block-heading\"><strong>Za\u0161to je va\u017eno podr\u017eati dru\u0161tvena poduze\u0107a?<\/strong><\/h2>\n\n\n\n<p>Kupnjom od impact brendova doprinosimo dru\u0161tvenoj ekonomiji koja rje\u0161ava lokalne i globalne probleme na\u0161eg dru\u0161tva. <strong>Svaki proizvod nosi pri\u010du \u2013 o ljudima koji su ga izradili, materijalima koji su kori\u0161teni i pozitivnom utjecaju koji ta kupnja ima na zajednicu<\/strong>. Generacija milenijalaca i Z-ovaca pokazuje nam put prema odgovornijoj potro\u0161nji, no svi mo\u017eemo biti dio te promjene. <strong>Odabirom proizvoda s pri\u010dom, stvaramo svijet u kojem je poslovanje orijentirano na ljude, a ne samo na profit.<\/strong><\/p>\n\n\n\n<p>Neka va\u0161a sljede\u0107a kupovina bude od dru\u0161tvenih poduze\u0107a. U\u017eivajte u kvalitetnim proizvodima koji imaju svrhu \u2013 i pridru\u017eite se rastu\u0107em trendu kupovine s pozitivnim utjecajem! Klikni na <a href=\"https:\/\/act-grupa.hr\/web\/wp-content\/uploads\/2023\/11\/kupuj_DOBRO_za_Bozic.pdf\">katalog<\/a> proizvoda.<\/p>\n\n\n\n<figure class=\"wp-block-image size-large\"><a href=\"https:\/\/act-grupa.hr\/web\/wp-content\/uploads\/2023\/11\/kupuj_DOBRO_za_Bozic.pdf\"><img decoding=\"async\" width=\"1024\" height=\"576\" src=\"https:\/\/act-grupa.hr\/web\/wp-content\/uploads\/2024\/11\/4-kupuj-dobro-1-1024x576.png\" alt=\"\" class=\"wp-image-3702\" srcset=\"https:\/\/act-grupa.hr\/web\/wp-content\/uploads\/2024\/11\/4-kupuj-dobro-1-1024x576.png 1024w, https:\/\/act-grupa.hr\/web\/wp-content\/uploads\/2024\/11\/4-kupuj-dobro-1-300x169.png 300w, https:\/\/act-grupa.hr\/web\/wp-content\/uploads\/2024\/11\/4-kupuj-dobro-1-768x432.png 768w, https:\/\/act-grupa.hr\/web\/wp-content\/uploads\/2024\/11\/4-kupuj-dobro-1-1536x863.png 1536w, https:\/\/act-grupa.hr\/web\/wp-content\/uploads\/2024\/11\/4-kupuj-dobro-1-18x10.png 18w, https:\/\/act-grupa.hr\/web\/wp-content\/uploads\/2024\/11\/4-kupuj-dobro-1.png 2046w\" sizes=\"(max-width: 1024px) 100vw, 1024px\" \/><\/a><\/figure>\n\n\n\n<p><\/p>","protected":false},"excerpt":{"rendered":"<p>Kako kupovati dru\u0161tveno odgovorno i koji nam proizvodi u Hrvatskoj to nude U svijetu gdje potro\u0161a\u010dke navike sve vi\u0161e reflektiraju dru\u0161tvene i ekolo\u0161ke stavove, Generacija Z predvodi novi val kupovine od impact poduze\u0107a \u2013 tvrtki koje za svoju osnovnu svrhu nemaju samo profit, ve\u0107 rje\u0161avanje dru\u0161tvenih i ekolo\u0161kih problema, kroz vlastiti pozitivan utjecaj proizvodnje, poslovanja, [&hellip;]<\/p>\n","protected":false},"author":6,"featured_media":3698,"comment_status":"open","ping_status":"open","sticky":false,"template":"","format":"standard","meta":{"site-sidebar-layout":"default","site-content-layout":null,"ast-site-content-layout":"default","site-content-style":"default","site-sidebar-style":"default","ast-global-header-display":"","ast-banner-title-visibility":"","ast-main-header-display":"","ast-hfb-above-header-display":"","ast-hfb-below-header-display":null,"ast-hfb-mobile-header-display":"","site-post-title":"","ast-breadcrumbs-content":null,"ast-featured-img":"disabled","footer-sml-layout":"","ast-disable-related-posts":"","theme-transparent-header-meta":"","adv-header-id-meta":"","stick-header-meta":"","header-above-stick-meta":"","header-main-stick-meta":"","header-below-stick-meta":null,"astra-migrate-meta-layouts":"set","ast-page-background-enabled":"default","ast-page-background-meta":{"desktop":{"background-color":"","background-image":"","background-repeat":"repeat","background-position":"center center","background-size":"auto","background-attachment":"scroll","background-type":"","background-media":"","overlay-type":"","overlay-color":"","overlay-opacity":"","overlay-gradient":""},"tablet":{"background-color":"","background-image":"","background-repeat":"repeat","background-position":"center center","background-size":"auto","background-attachment":"scroll","background-type":"","background-media":"","overlay-type":"","overlay-color":"","overlay-opacity":"","overlay-gradient":""},"mobile":{"background-color":"","background-image":"","background-repeat":"repeat","background-position":"center center","background-size":"auto","background-attachment":"scroll","background-type":"","background-media":"","overlay-type":"","overlay-color":"","overlay-opacity":"","overlay-gradient":""}},"ast-content-background-meta":{"desktop":{"background-color":"var(--ast-global-color-5)","background-image":"","background-repeat":"repeat","background-position":"center center","background-size":"auto","background-attachment":"scroll","background-type":"","background-media":"","overlay-type":"","overlay-color":"","overlay-opacity":"","overlay-gradient":""},"tablet":{"background-color":"var(--ast-global-color-5)","background-image":"","background-repeat":"repeat","background-position":"center center","background-size":"auto","background-attachment":"scroll","background-type":"","background-media":"","overlay-type":"","overlay-color":"","overlay-opacity":"","overlay-gradient":""},"mobile":{"background-color":"var(--ast-global-color-5)","background-image":"","background-repeat":"repeat","background-position":"center center","background-size":"auto","background-attachment":"scroll","background-type":"","background-media":"","overlay-type":"","overlay-color":"","overlay-opacity":"","overlay-gradient":""}},"footnotes":""},"categories":[8,11,13],"tags":[156,155,110],"class_list":["post-3696","post","type-post","status-publish","format-standard","has-post-thumbnail","hentry","category-actovci","category-poduzetnici","category-vijesti","tag-bozicni-pokloni","tag-kupuj-dobro","tag-pokloni"],"yoast_head":"<!-- This site is optimized with the Yoast SEO plugin v27.4 - https:\/\/yoast.com\/product\/yoast-seo-wordpress\/ -->\n<title>Budi dio trenda - kupuj od impact brenda! - ACT Grupa<\/title>\n<meta name=\"robots\" content=\"index, follow, max-snippet:-1, max-image-preview:large, max-video-preview:-1\" \/>\n<link rel=\"canonical\" href=\"https:\/\/act-grupa.hr\/en\/budi-dio-trenda-kupuj-od-impact-brenda\/\" \/>\n<meta property=\"og:locale\" content=\"en_GB\" \/>\n<meta property=\"og:type\" content=\"article\" \/>\n<meta property=\"og:title\" content=\"Budi dio trenda - kupuj od impact brenda! - ACT Grupa\" \/>\n<meta property=\"og:description\" content=\"Kako kupovati dru\u0161tveno odgovorno i koji nam proizvodi u Hrvatskoj to nude U svijetu gdje potro\u0161a\u010dke navike sve vi\u0161e reflektiraju dru\u0161tvene i ekolo\u0161ke stavove, Generacija Z predvodi novi val kupovine od impact poduze\u0107a \u2013 tvrtki koje za svoju osnovnu svrhu nemaju samo profit, ve\u0107 rje\u0161avanje dru\u0161tvenih i ekolo\u0161kih problema, kroz vlastiti pozitivan utjecaj proizvodnje, poslovanja, [&hellip;]\" \/>\n<meta property=\"og:url\" content=\"https:\/\/act-grupa.hr\/en\/budi-dio-trenda-kupuj-od-impact-brenda\/\" \/>\n<meta property=\"og:site_name\" content=\"ACT Grupa\" \/>\n<meta property=\"article:publisher\" content=\"https:\/\/www.facebook.com\/ACTGrupa\" \/>\n<meta property=\"article:published_time\" content=\"2024-11-04T14:33:02+00:00\" \/>\n<meta property=\"article:modified_time\" content=\"2025-01-08T14:16:56+00:00\" \/>\n<meta property=\"og:image\" content=\"https:\/\/act-grupa.hr\/web\/wp-content\/uploads\/2024\/11\/Kupuj-dobro-AG-web.png\" \/>\n\t<meta property=\"og:image:width\" content=\"900\" \/>\n\t<meta property=\"og:image:height\" content=\"450\" \/>\n\t<meta property=\"og:image:type\" content=\"image\/png\" \/>\n<meta name=\"author\" content=\"Danijela Paska\" \/>\n<meta name=\"twitter:card\" content=\"summary_large_image\" \/>\n<meta name=\"twitter:label1\" content=\"Written by\" \/>\n\t<meta name=\"twitter:data1\" content=\"Danijela Paska\" \/>\n\t<meta name=\"twitter:label2\" content=\"Estimated reading time\" \/>\n\t<meta name=\"twitter:data2\" content=\"7 minutes\" \/>\n<script type=\"application\/ld+json\" class=\"yoast-schema-graph\">{\"@context\":\"https:\\\/\\\/schema.org\",\"@graph\":[{\"@type\":\"Article\",\"@id\":\"https:\\\/\\\/act-grupa.hr\\\/budi-dio-trenda-kupuj-od-impact-brenda\\\/#article\",\"isPartOf\":{\"@id\":\"https:\\\/\\\/act-grupa.hr\\\/budi-dio-trenda-kupuj-od-impact-brenda\\\/\"},\"author\":{\"name\":\"Danijela Paska\",\"@id\":\"https:\\\/\\\/act-grupa.hr\\\/#\\\/schema\\\/person\\\/087cc3129e5df21d0c1f6732a947b2d3\"},\"headline\":\"Budi dio trenda &#8211; kupuj od impact brenda!\",\"datePublished\":\"2024-11-04T14:33:02+00:00\",\"dateModified\":\"2025-01-08T14:16:56+00:00\",\"mainEntityOfPage\":{\"@id\":\"https:\\\/\\\/act-grupa.hr\\\/budi-dio-trenda-kupuj-od-impact-brenda\\\/\"},\"wordCount\":1367,\"commentCount\":0,\"publisher\":{\"@id\":\"https:\\\/\\\/act-grupa.hr\\\/#organization\"},\"image\":{\"@id\":\"https:\\\/\\\/act-grupa.hr\\\/budi-dio-trenda-kupuj-od-impact-brenda\\\/#primaryimage\"},\"thumbnailUrl\":\"https:\\\/\\\/act-grupa.hr\\\/web\\\/wp-content\\\/uploads\\\/2024\\\/11\\\/Kupuj-dobro-AG-web.png\",\"keywords\":[\"bo\u017ei\u0107ni pokloni\",\"kupuj dobro\",\"pokloni\"],\"articleSection\":[\"Actovci\",\"Poduzetnici\",\"Vijesti\"],\"inLanguage\":\"en-GB\",\"potentialAction\":[{\"@type\":\"CommentAction\",\"name\":\"Comment\",\"target\":[\"https:\\\/\\\/act-grupa.hr\\\/budi-dio-trenda-kupuj-od-impact-brenda\\\/#respond\"]}]},{\"@type\":\"WebPage\",\"@id\":\"https:\\\/\\\/act-grupa.hr\\\/budi-dio-trenda-kupuj-od-impact-brenda\\\/\",\"url\":\"https:\\\/\\\/act-grupa.hr\\\/budi-dio-trenda-kupuj-od-impact-brenda\\\/\",\"name\":\"Budi dio trenda - kupuj od impact brenda! - ACT Grupa\",\"isPartOf\":{\"@id\":\"https:\\\/\\\/act-grupa.hr\\\/#website\"},\"primaryImageOfPage\":{\"@id\":\"https:\\\/\\\/act-grupa.hr\\\/budi-dio-trenda-kupuj-od-impact-brenda\\\/#primaryimage\"},\"image\":{\"@id\":\"https:\\\/\\\/act-grupa.hr\\\/budi-dio-trenda-kupuj-od-impact-brenda\\\/#primaryimage\"},\"thumbnailUrl\":\"https:\\\/\\\/act-grupa.hr\\\/web\\\/wp-content\\\/uploads\\\/2024\\\/11\\\/Kupuj-dobro-AG-web.png\",\"datePublished\":\"2024-11-04T14:33:02+00:00\",\"dateModified\":\"2025-01-08T14:16:56+00:00\",\"breadcrumb\":{\"@id\":\"https:\\\/\\\/act-grupa.hr\\\/budi-dio-trenda-kupuj-od-impact-brenda\\\/#breadcrumb\"},\"inLanguage\":\"en-GB\",\"potentialAction\":[{\"@type\":\"ReadAction\",\"target\":[\"https:\\\/\\\/act-grupa.hr\\\/budi-dio-trenda-kupuj-od-impact-brenda\\\/\"]}]},{\"@type\":\"ImageObject\",\"inLanguage\":\"en-GB\",\"@id\":\"https:\\\/\\\/act-grupa.hr\\\/budi-dio-trenda-kupuj-od-impact-brenda\\\/#primaryimage\",\"url\":\"https:\\\/\\\/act-grupa.hr\\\/web\\\/wp-content\\\/uploads\\\/2024\\\/11\\\/Kupuj-dobro-AG-web.png\",\"contentUrl\":\"https:\\\/\\\/act-grupa.hr\\\/web\\\/wp-content\\\/uploads\\\/2024\\\/11\\\/Kupuj-dobro-AG-web.png\",\"width\":900,\"height\":450},{\"@type\":\"BreadcrumbList\",\"@id\":\"https:\\\/\\\/act-grupa.hr\\\/budi-dio-trenda-kupuj-od-impact-brenda\\\/#breadcrumb\",\"itemListElement\":[{\"@type\":\"ListItem\",\"position\":1,\"name\":\"Home\",\"item\":\"https:\\\/\\\/act-grupa.hr\\\/\"},{\"@type\":\"ListItem\",\"position\":2,\"name\":\"Budi dio trenda &#8211; kupuj od impact brenda!\"}]},{\"@type\":\"WebSite\",\"@id\":\"https:\\\/\\\/act-grupa.hr\\\/#website\",\"url\":\"https:\\\/\\\/act-grupa.hr\\\/\",\"name\":\"ACT Grupa\",\"description\":\"Dobri za posao. Dobri za dru\u0161tvo.\",\"publisher\":{\"@id\":\"https:\\\/\\\/act-grupa.hr\\\/#organization\"},\"potentialAction\":[{\"@type\":\"SearchAction\",\"target\":{\"@type\":\"EntryPoint\",\"urlTemplate\":\"https:\\\/\\\/act-grupa.hr\\\/?s={search_term_string}\"},\"query-input\":{\"@type\":\"PropertyValueSpecification\",\"valueRequired\":true,\"valueName\":\"search_term_string\"}}],\"inLanguage\":\"en-GB\"},{\"@type\":\"Organization\",\"@id\":\"https:\\\/\\\/act-grupa.hr\\\/#organization\",\"name\":\"ACT Grupa\",\"url\":\"https:\\\/\\\/act-grupa.hr\\\/\",\"logo\":{\"@type\":\"ImageObject\",\"inLanguage\":\"en-GB\",\"@id\":\"https:\\\/\\\/act-grupa.hr\\\/#\\\/schema\\\/logo\\\/image\\\/\",\"url\":\"https:\\\/\\\/act-grupa.hr\\\/web\\\/wp-content\\\/uploads\\\/2026\\\/01\\\/AG_logo_transparent-scaled.png\",\"contentUrl\":\"https:\\\/\\\/act-grupa.hr\\\/web\\\/wp-content\\\/uploads\\\/2026\\\/01\\\/AG_logo_transparent-scaled.png\",\"width\":2560,\"height\":834,\"caption\":\"ACT Grupa\"},\"image\":{\"@id\":\"https:\\\/\\\/act-grupa.hr\\\/#\\\/schema\\\/logo\\\/image\\\/\"},\"sameAs\":[\"https:\\\/\\\/www.facebook.com\\\/ACTGrupa\",\"https:\\\/\\\/www.instagram.com\\\/actgrupa\\\/\",\"https:\\\/\\\/www.youtube.com\\\/@actgrupa\",\"https:\\\/\\\/www.linkedin.com\\\/company\\\/act-grupa\"]},{\"@type\":\"Person\",\"@id\":\"https:\\\/\\\/act-grupa.hr\\\/#\\\/schema\\\/person\\\/087cc3129e5df21d0c1f6732a947b2d3\",\"name\":\"Danijela Paska\",\"image\":{\"@type\":\"ImageObject\",\"inLanguage\":\"en-GB\",\"@id\":\"https:\\\/\\\/secure.gravatar.com\\\/avatar\\\/889f217f7412c4b258ec8648d232678d6eb09ece7940bf7aa135f1a3635bdacb?s=96&d=mm&r=g\",\"url\":\"https:\\\/\\\/secure.gravatar.com\\\/avatar\\\/889f217f7412c4b258ec8648d232678d6eb09ece7940bf7aa135f1a3635bdacb?s=96&d=mm&r=g\",\"contentUrl\":\"https:\\\/\\\/secure.gravatar.com\\\/avatar\\\/889f217f7412c4b258ec8648d232678d6eb09ece7940bf7aa135f1a3635bdacb?s=96&d=mm&r=g\",\"caption\":\"Danijela Paska\"},\"url\":\"https:\\\/\\\/act-grupa.hr\\\/en\\\/author\\\/dpaska\\\/\"}]}<\/script>\n<!-- \/ Yoast SEO plugin. -->","yoast_head_json":{"title":"Budi dio trenda - kupuj od impact brenda! - ACT Grupa","robots":{"index":"index","follow":"follow","max-snippet":"max-snippet:-1","max-image-preview":"max-image-preview:large","max-video-preview":"max-video-preview:-1"},"canonical":"https:\/\/act-grupa.hr\/en\/budi-dio-trenda-kupuj-od-impact-brenda\/","og_locale":"en_GB","og_type":"article","og_title":"Budi dio trenda - kupuj od impact brenda! - ACT Grupa","og_description":"Kako kupovati dru\u0161tveno odgovorno i koji nam proizvodi u Hrvatskoj to nude U svijetu gdje potro\u0161a\u010dke navike sve vi\u0161e reflektiraju dru\u0161tvene i ekolo\u0161ke stavove, Generacija Z predvodi novi val kupovine od impact poduze\u0107a \u2013 tvrtki koje za svoju osnovnu svrhu nemaju samo profit, ve\u0107 rje\u0161avanje dru\u0161tvenih i ekolo\u0161kih problema, kroz vlastiti pozitivan utjecaj proizvodnje, poslovanja, [&hellip;]","og_url":"https:\/\/act-grupa.hr\/en\/budi-dio-trenda-kupuj-od-impact-brenda\/","og_site_name":"ACT Grupa","article_publisher":"https:\/\/www.facebook.com\/ACTGrupa","article_published_time":"2024-11-04T14:33:02+00:00","article_modified_time":"2025-01-08T14:16:56+00:00","og_image":[{"width":900,"height":450,"url":"https:\/\/act-grupa.hr\/web\/wp-content\/uploads\/2024\/11\/Kupuj-dobro-AG-web.png","type":"image\/png"}],"author":"Danijela Paska","twitter_card":"summary_large_image","twitter_misc":{"Written by":"Danijela Paska","Estimated reading time":"7 minutes"},"schema":{"@context":"https:\/\/schema.org","@graph":[{"@type":"Article","@id":"https:\/\/act-grupa.hr\/budi-dio-trenda-kupuj-od-impact-brenda\/#article","isPartOf":{"@id":"https:\/\/act-grupa.hr\/budi-dio-trenda-kupuj-od-impact-brenda\/"},"author":{"name":"Danijela Paska","@id":"https:\/\/act-grupa.hr\/#\/schema\/person\/087cc3129e5df21d0c1f6732a947b2d3"},"headline":"Budi dio trenda &#8211; kupuj od impact brenda!","datePublished":"2024-11-04T14:33:02+00:00","dateModified":"2025-01-08T14:16:56+00:00","mainEntityOfPage":{"@id":"https:\/\/act-grupa.hr\/budi-dio-trenda-kupuj-od-impact-brenda\/"},"wordCount":1367,"commentCount":0,"publisher":{"@id":"https:\/\/act-grupa.hr\/#organization"},"image":{"@id":"https:\/\/act-grupa.hr\/budi-dio-trenda-kupuj-od-impact-brenda\/#primaryimage"},"thumbnailUrl":"https:\/\/act-grupa.hr\/web\/wp-content\/uploads\/2024\/11\/Kupuj-dobro-AG-web.png","keywords":["bo\u017ei\u0107ni pokloni","kupuj dobro","pokloni"],"articleSection":["Actovci","Poduzetnici","Vijesti"],"inLanguage":"en-GB","potentialAction":[{"@type":"CommentAction","name":"Comment","target":["https:\/\/act-grupa.hr\/budi-dio-trenda-kupuj-od-impact-brenda\/#respond"]}]},{"@type":"WebPage","@id":"https:\/\/act-grupa.hr\/budi-dio-trenda-kupuj-od-impact-brenda\/","url":"https:\/\/act-grupa.hr\/budi-dio-trenda-kupuj-od-impact-brenda\/","name":"Budi dio trenda - kupuj od impact brenda! - ACT Grupa","isPartOf":{"@id":"https:\/\/act-grupa.hr\/#website"},"primaryImageOfPage":{"@id":"https:\/\/act-grupa.hr\/budi-dio-trenda-kupuj-od-impact-brenda\/#primaryimage"},"image":{"@id":"https:\/\/act-grupa.hr\/budi-dio-trenda-kupuj-od-impact-brenda\/#primaryimage"},"thumbnailUrl":"https:\/\/act-grupa.hr\/web\/wp-content\/uploads\/2024\/11\/Kupuj-dobro-AG-web.png","datePublished":"2024-11-04T14:33:02+00:00","dateModified":"2025-01-08T14:16:56+00:00","breadcrumb":{"@id":"https:\/\/act-grupa.hr\/budi-dio-trenda-kupuj-od-impact-brenda\/#breadcrumb"},"inLanguage":"en-GB","potentialAction":[{"@type":"ReadAction","target":["https:\/\/act-grupa.hr\/budi-dio-trenda-kupuj-od-impact-brenda\/"]}]},{"@type":"ImageObject","inLanguage":"en-GB","@id":"https:\/\/act-grupa.hr\/budi-dio-trenda-kupuj-od-impact-brenda\/#primaryimage","url":"https:\/\/act-grupa.hr\/web\/wp-content\/uploads\/2024\/11\/Kupuj-dobro-AG-web.png","contentUrl":"https:\/\/act-grupa.hr\/web\/wp-content\/uploads\/2024\/11\/Kupuj-dobro-AG-web.png","width":900,"height":450},{"@type":"BreadcrumbList","@id":"https:\/\/act-grupa.hr\/budi-dio-trenda-kupuj-od-impact-brenda\/#breadcrumb","itemListElement":[{"@type":"ListItem","position":1,"name":"Home","item":"https:\/\/act-grupa.hr\/"},{"@type":"ListItem","position":2,"name":"Budi dio trenda &#8211; kupuj od impact brenda!"}]},{"@type":"WebSite","@id":"https:\/\/act-grupa.hr\/#website","url":"https:\/\/act-grupa.hr\/","name":"ACT Grupa","description":"Dobri za posao. Dobri za dru\u0161tvo.","publisher":{"@id":"https:\/\/act-grupa.hr\/#organization"},"potentialAction":[{"@type":"SearchAction","target":{"@type":"EntryPoint","urlTemplate":"https:\/\/act-grupa.hr\/?s={search_term_string}"},"query-input":{"@type":"PropertyValueSpecification","valueRequired":true,"valueName":"search_term_string"}}],"inLanguage":"en-GB"},{"@type":"Organization","@id":"https:\/\/act-grupa.hr\/#organization","name":"ACT Grupa","url":"https:\/\/act-grupa.hr\/","logo":{"@type":"ImageObject","inLanguage":"en-GB","@id":"https:\/\/act-grupa.hr\/#\/schema\/logo\/image\/","url":"https:\/\/act-grupa.hr\/web\/wp-content\/uploads\/2026\/01\/AG_logo_transparent-scaled.png","contentUrl":"https:\/\/act-grupa.hr\/web\/wp-content\/uploads\/2026\/01\/AG_logo_transparent-scaled.png","width":2560,"height":834,"caption":"ACT Grupa"},"image":{"@id":"https:\/\/act-grupa.hr\/#\/schema\/logo\/image\/"},"sameAs":["https:\/\/www.facebook.com\/ACTGrupa","https:\/\/www.instagram.com\/actgrupa\/","https:\/\/www.youtube.com\/@actgrupa","https:\/\/www.linkedin.com\/company\/act-grupa"]},{"@type":"Person","@id":"https:\/\/act-grupa.hr\/#\/schema\/person\/087cc3129e5df21d0c1f6732a947b2d3","name":"Danijela Paska","image":{"@type":"ImageObject","inLanguage":"en-GB","@id":"https:\/\/secure.gravatar.com\/avatar\/889f217f7412c4b258ec8648d232678d6eb09ece7940bf7aa135f1a3635bdacb?s=96&d=mm&r=g","url":"https:\/\/secure.gravatar.com\/avatar\/889f217f7412c4b258ec8648d232678d6eb09ece7940bf7aa135f1a3635bdacb?s=96&d=mm&r=g","contentUrl":"https:\/\/secure.gravatar.com\/avatar\/889f217f7412c4b258ec8648d232678d6eb09ece7940bf7aa135f1a3635bdacb?s=96&d=mm&r=g","caption":"Danijela Paska"},"url":"https:\/\/act-grupa.hr\/en\/author\/dpaska\/"}]}},"_links":{"self":[{"href":"https:\/\/act-grupa.hr\/en\/wp-json\/wp\/v2\/posts\/3696","targetHints":{"allow":["GET"]}}],"collection":[{"href":"https:\/\/act-grupa.hr\/en\/wp-json\/wp\/v2\/posts"}],"about":[{"href":"https:\/\/act-grupa.hr\/en\/wp-json\/wp\/v2\/types\/post"}],"author":[{"embeddable":true,"href":"https:\/\/act-grupa.hr\/en\/wp-json\/wp\/v2\/users\/6"}],"replies":[{"embeddable":true,"href":"https:\/\/act-grupa.hr\/en\/wp-json\/wp\/v2\/comments?post=3696"}],"version-history":[{"count":4,"href":"https:\/\/act-grupa.hr\/en\/wp-json\/wp\/v2\/posts\/3696\/revisions"}],"predecessor-version":[{"id":3707,"href":"https:\/\/act-grupa.hr\/en\/wp-json\/wp\/v2\/posts\/3696\/revisions\/3707"}],"wp:featuredmedia":[{"embeddable":true,"href":"https:\/\/act-grupa.hr\/en\/wp-json\/wp\/v2\/media\/3698"}],"wp:attachment":[{"href":"https:\/\/act-grupa.hr\/en\/wp-json\/wp\/v2\/media?parent=3696"}],"wp:term":[{"taxonomy":"category","embeddable":true,"href":"https:\/\/act-grupa.hr\/en\/wp-json\/wp\/v2\/categories?post=3696"},{"taxonomy":"post_tag","embeddable":true,"href":"https:\/\/act-grupa.hr\/en\/wp-json\/wp\/v2\/tags?post=3696"}],"curies":[{"name":"wp","href":"https:\/\/api.w.org\/{rel}","templated":true}]}}